{"id":52890,"date":"2013-02-20T09:39:35","date_gmt":"2013-02-20T12:39:35","guid":{"rendered":"https:\/\/jundiai.sp.gov.br\/noticias\/?p=52890"},"modified":"2016-11-04T13:22:06","modified_gmt":"2016-11-04T15:22:06","slug":"prefeitura-discute-programa-de-seguranca-viaria","status":"publish","type":"post","link":"https:\/\/jundiai.sp.gov.br\/noticias\/2013\/02\/20\/prefeitura-discute-programa-de-seguranca-viaria\/","title":{"rendered":"Prefeitura discute programa de seguran\u00e7a vi\u00e1ria"},"content":{"rendered":"<p>O prefeito Pedro Bigardi recebeu nesta ter\u00e7a-feira (19) a visita do portugu\u00eas Jos\u00e9 Cardita, representante no Brasil da ONG internacional GRSP (Global Road Safety Partnership). A entidade \u00e9 parceira da Prefeitura de Jundia\u00ed no Programa de Seguran\u00e7a Vi\u00e1ria, que tem como objetivo reduzir o n\u00famero de acidentes graves e fatais na cidade.<\/p>\n<p><strong>Leia tamb\u00e9m<\/strong><br \/>\n<a href=\"https:\/\/jundiai.sp.gov.br\/noticias\/2013\/02\/saude-avalia-plano-de-reforma-de-unidades-basicas\/\" target=\"_blank\"><strong>Sa\u00fade avalia plano de reforma de unidades b\u00e1sicas<\/strong><\/a><\/p>\n<div id=\"attachment_136159\" style=\"width: 410px\" class=\"wp-caption alignleft\"><a href=\"https:\/\/jundiai.sp.gov.br\/noticias\/wp-content\/uploads\/sites\/32\/2013\/02\/epp_transito_prefeito_d4g1.jpg\"><img loading=\"lazy\" decoding=\"async\" aria-describedby=\"caption-attachment-136159\" src=\"https:\/\/jundiai.sp.gov.br\/noticias\/wp-content\/uploads\/sites\/32\/2013\/02\/epp_transito_prefeito_d4g1.jpg\" alt=\"O prefeito Pedro Bigardi recebeu Jos\u00e9 Cardita no gabinete\" width=\"400\" height=\"400\" class=\"size-full wp-image-136159\" \/><\/a><p id=\"caption-attachment-136159\" class=\"wp-caption-text\">O prefeito Pedro Bigardi recebeu Jos\u00e9 Cardita no gabinete<\/p><\/div>\n<p>Bigardi e Cardita conversaram sobre o trabalho da ONG na cidade e no mundo e a importante miss\u00e3o de reduzir os n\u00fameros de v\u00edtimas fatais em acidentes de tr\u00e2nsito.<\/p>\n<p>Dados oficiais mostram que os acidentes de tr\u00e2nsito s\u00e3o respons\u00e1veis por mais de 40 mil mortes e 500 mil feridos por ano no Brasil. Em 2010, o SUS (Sistema \u00danico de Sa\u00fade) gastou mais de R$ 187 milh\u00f5es apenas com interna\u00e7\u00f5es por acidentes.<\/p>\n<p><strong>ONG<\/strong><br \/>\nSituada em Genebra, a Global Road Safety Partnership \u00e9 uma entidade com base na Federa\u00e7\u00e3o Internacional da Cruz Vermelha. Atua como conselheira na boa pr\u00e1tica de a\u00e7\u00f5es de seguran\u00e7a vi\u00e1ria em diversos pa\u00edses em desenvolvimento, como \u00c1frica do Sul, Pol\u00f4nia, \u00cdndia, R\u00fassia, Tail\u00e2ndia e outros, facilitando projetos que integrem o governo, a sociedade civil e o setor privado. O principal foco \u00e9 apoiar o desenvolvimento, de forma integrada, e as a\u00e7\u00f5es de seguran\u00e7a vi\u00e1ria por meio da cria\u00e7\u00e3o de uma rede parcerias.<\/p>\n<p>No Brasil, a ONG iniciou os trabalhos em 2001 e as a\u00e7\u00f5es s\u00e3o intituladas de Processo de Proatividade e Parceria (EPP). Hoje, cerca de 20 cidades desenvolvem projetos com a ONG. \u201cJundia\u00ed \u00e9 uma das cidades que implementou a EPP de forma mais correta, com uma equipe muito motivada, o que \u00e9 fundamental para atingirmos bons resultados\u201d, avalia Jos\u00e9 Cardita. \u201cTemos de trabalhar para uma mudan\u00e7a cultural, sustent\u00e1vel e cont\u00ednua. Mas \u00e9 um processo que se faz com pequenos passos.\u201d<\/p>\n<p>De acordo com a engenheira Ana Paula Silva de Almeida, coordenadora do programa em Jundia\u00ed, participam do grupo representantes das secretarias de Transportes, Educa\u00e7\u00e3o e Sa\u00fade. \u201cS\u00e3o as secretarias que podem desenvolver a\u00e7\u00f5es efetivas pela redu\u00e7\u00e3o dos acidentes de tr\u00e2nsito\u201d, destaca a coordenadora.<\/p>\n<p>Segundo ela, por meio do programa s\u00e3o desenvolvidas diversas a\u00e7\u00f5es, especialmente de educa\u00e7\u00e3o no tr\u00e2nsito. \u201cS\u00e3o palestras em empresas, trabalhos educativos com condutores de ve\u00edculos escolares, de coletivos e at\u00e9 taxista. Inclusive, acompanhamos o envolvimento destes motoristas com acidentes. As a\u00e7\u00f5es tamb\u00e9m incluem trabalhos com as escolas, sinaliza\u00e7\u00e3o das vias, tratamento de pontos cr\u00edticos, fiscaliza\u00e7\u00e3o e estat\u00edsticas\u201d, explica Ana Paula.<\/p>\n<p><em><strong>Fotos: Dorival Pinheiro Filho<\/strong><\/em><\/p>\n","protected":false},"excerpt":{"rendered":"<p>O objetivo do projeto \u00e9 reduzir o n\u00famero de acidentes graves e fatais em Jundia\u00ed<\/p>\n","protected":false},"author":11,"featured_media":0,"comment_status":"closed","ping_status":"closed","sticky":false,"template":"","format":"standard","meta":{"footnotes":""},"categories":[2],"tags":[58],"ods":[],"class_list":["post-52890","post","type-post","status-publish","format-standard","hentry","category-noticias","tag-prefeito"],"_links":{"self":[{"href":"https:\/\/jundiai.sp.gov.br\/noticias\/wp-json\/wp\/v2\/posts\/52890","targetHints":{"allow":["GET"]}}],"collection":[{"href":"https:\/\/jundiai.sp.gov.br\/noticias\/wp-json\/wp\/v2\/posts"}],"about":[{"href":"https:\/\/jundiai.sp.gov.br\/noticias\/wp-json\/wp\/v2\/types\/post"}],"author":[{"embeddable":true,"href":"https:\/\/jundiai.sp.gov.br\/noticias\/wp-json\/wp\/v2\/users\/11"}],"replies":[{"embeddable":true,"href":"https:\/\/jundiai.sp.gov.br\/noticias\/wp-json\/wp\/v2\/comments?post=52890"}],"version-history":[{"count":2,"href":"https:\/\/jundiai.sp.gov.br\/noticias\/wp-json\/wp\/v2\/posts\/52890\/revisions"}],"predecessor-version":[{"id":136160,"href":"https:\/\/jundiai.sp.gov.br\/noticias\/wp-json\/wp\/v2\/posts\/52890\/revisions\/136160"}],"wp:attachment":[{"href":"https:\/\/jundiai.sp.gov.br\/noticias\/wp-json\/wp\/v2\/media?parent=52890"}],"wp:term":[{"taxonomy":"category","embeddable":true,"href":"https:\/\/jundiai.sp.gov.br\/noticias\/wp-json\/wp\/v2\/categories?post=52890"},{"taxonomy":"post_tag","embeddable":true,"href":"https:\/\/jundiai.sp.gov.br\/noticias\/wp-json\/wp\/v2\/tags?post=52890"},{"taxonomy":"ods","embeddable":true,"href":"https:\/\/jundiai.sp.gov.br\/noticias\/wp-json\/wp\/v2\/ods?post=52890"}],"curies":[{"name":"wp","href":"https:\/\/api.w.org\/{rel}","templated":true}]}}