{"id":52990,"date":"2013-02-20T18:13:55","date_gmt":"2013-02-20T21:13:55","guid":{"rendered":"https:\/\/jundiai.sp.gov.br\/noticias\/?p=52990"},"modified":"2016-11-04T13:11:54","modified_gmt":"2016-11-04T15:11:54","slug":"astra-finamax-lanca-16o-temporada-de-concertos-com-musica-de-qualidade","status":"publish","type":"post","link":"https:\/\/jundiai.sp.gov.br\/noticias\/2013\/02\/20\/astra-finamax-lanca-16o-temporada-de-concertos-com-musica-de-qualidade\/","title":{"rendered":"Astra-Finamax lan\u00e7a 16\u00ba temporada de concertos"},"content":{"rendered":"<p>Com o apoio da Secretaria Municipal de Cultura e do Governo Federal, por meio da Lei Rouanet, chega a Jundia\u00ed a 16\u00aa temporada dos Concertos Astra-Finamax. A apresenta\u00e7\u00e3o do evento contou com o secret\u00e1rio municipal de Cultura,T\u00e9rcio Marinho, representantes das empresas patrocinadoras e autoridades.<\/p>\n<p><strong>Leia tamb\u00e9m<\/strong><br \/>\n<a href=\"https:\/\/jundiai.sp.gov.br\/noticias\/eventos\/mes\/\" target=\"_blank\"><strong>Fique por dentro do que acontece em Jundia\u00ed<\/strong><\/a><\/p>\n<div id=\"attachment_136119\" style=\"width: 410px\" class=\"wp-caption alignleft\"><a href=\"https:\/\/jundiai.sp.gov.br\/noticias\/wp-content\/uploads\/sites\/32\/2013\/02\/astra_finamax_reuniao_p_-37g1.jpg\"><img loading=\"lazy\" decoding=\"async\" aria-describedby=\"caption-attachment-136119\" src=\"https:\/\/jundiai.sp.gov.br\/noticias\/wp-content\/uploads\/sites\/32\/2013\/02\/astra_finamax_reuniao_p_-37g1.jpg\" alt=\"M\u00fasica de qualidade e atra\u00e7\u00f5es internacionais na 16\u00aa edi\u00e7\u00e3o\" width=\"400\" height=\"400\" class=\"size-full wp-image-136119\" \/><\/a><p id=\"caption-attachment-136119\" class=\"wp-caption-text\">M\u00fasica de qualidade e atra\u00e7\u00f5es internacionais na 16\u00aa edi\u00e7\u00e3o<\/p><\/div>\n<p>O evento teve apresenta\u00e7\u00e3o de choro com os irm\u00e3os Isaias e Israel Bueno de Almeida e entrevista via skype com os m\u00fasicos italianos Francesca Tiburzi e o maestro Cattaneo, que estar\u00e3o pela primeira vez no Brasil.<\/p>\n<p>\u201cEste \u00e9 um evento de grande n\u00edvel para artistas e popula\u00e7\u00e3o. Por meio dos apoios e recursos dispon\u00edveis, as empresas idealizadoras do concerto fazem o que deveria ser uma constante na cidade. Este projeto serve de exemplo para outras empresas que t\u00eam potencial para viabilizar a\u00e7\u00f5es sociais, utilizando os mecanismos legais de forma inteligente\u201d, destacou T\u00e9rcio Marinho.<\/p>\n<p>Segundo o secret\u00e1rio, a Cultura tem interesse em dinamizar e ampliar a parceria para que outras a\u00e7\u00f5es sejam realizadas atrav\u00e9s das empresas que buscam na legisla\u00e7\u00e3o apoio para incentivo cultural.<\/p>\n<p>Para o diretor-superintendente da Astra, Manoel Fernandes Flores, existe uma preocupa\u00e7\u00e3o social em levar a cultura aos colaboradores e p\u00fablico em geral. \u201cNossos funcion\u00e1rios participam de a\u00e7\u00f5es culturais dentro da empresa e 49 mil pessoas j\u00e1 participaram das 110 apresenta\u00e7\u00f5es que realizamos nos \u00faltimos 15 anos\u201d.<\/p>\n<p><strong>Investimentos<\/strong><br \/>\nMais de R$ 2,4 milh\u00f5es j\u00e1 foram investidos no projeto. Montante que foi abatido do Imposto de Renda da Astra e da Finamax, atrav\u00e9s da Lei Federal de Incentivo \u00e0 Cultura (Lei Rouanet) que permite que os gastos com a produ\u00e7\u00e3o de projetos aprovados pelo Minist\u00e9rio da Cultura sejam deduzidos do IR. Neste ano, j\u00e1 foram investidos mais de R$ 370 mil.<\/p>\n<p><strong>Atra\u00e7\u00f5es<\/strong><br \/>\nA temporada 2013 promete m\u00fasica de qualidade e novidades. Um dos destaques \u00e9 a Roda de Choro, que vai apresentar grandes sucessos das d\u00e9cadas de 1960 e 1970. Haver\u00e1 ainda a Orquestra Sinf\u00f4nica de Santo Andr\u00e9 e m\u00fasica instrumental brasileira. Como atra\u00e7\u00f5es internacionais, teremos no segundo semestre a Orquestra de Sopros Aperta da It\u00e1lia e o flautista argentino, Marcelo Alvarez.<\/p>\n<p><strong>Ingressos<\/strong><br \/>\nNo dia do espet\u00e1culo, os ingressos ser\u00e3o vendidos por R$ 10 na bilheteria da sala de espet\u00e1culo. O total arrecadado ser\u00e1 revertido 50% \u00e0 Funda\u00e7\u00e3o Casa da Cultura, 25% ao Instituto Jundiaiense Luiz Braille e 25% ao Coral Infanto-Juvenil Pio X.<\/p>\n<p><strong>Confira a programa\u00e7\u00e3o:<\/strong><\/p>\n<p><em>Teatro Polytheama<\/em><\/p>\n<p>23 de mar\u00e7o \u2013 Orquestra Sinf\u00f4nica de Santo Andr\u00e9<\/p>\n<p>18 de maio \u2013 Marcelo Alvarez (flautista argentino) e Ensemble SP Camerata (n\u00facleo de c\u00e2mara formado por viola, violoncelo e violinos)<\/p>\n<p>17 de agosto \u2013 Orquestra de Sopros Aperta (Bergamo, It\u00e1lia)<\/p>\n<p>23 de novembro \u2013 Yamandu Costa e Renato Borguetti<\/p>\n<p><em>Sala Gl\u00f3ria Rocha<\/em><\/p>\n<p>27 de abril \u2013 Roda de Choro com Izaias e convidados<\/p>\n<p>22 de junho \u2013 Arismar Esp\u00edrito Santo (multi-instrumentista, arranjador e compositor)<\/p>\n<p>28 de setembro \u2013 Maur\u00edcio Carrilho (violonista, arranjador e produtor musical)<\/p>\n<p>19 de outubro \u2013 Mani Padme Trio (piano, contrabaixo e bateria) e Teco Cardoso (flautista e saxofonista)<\/p>\n<p><em><strong>Fotos: Paulo Gr\u00e9gio<\/strong><\/em><\/p>\n","protected":false},"excerpt":{"rendered":"<p>Mais de R$ 2,4 milh\u00f5es foram investidos no projeto musical; os ingressos ser\u00e3o vendidos por R$ 10 na bilheteria <\/p>\n","protected":false},"author":11,"featured_media":0,"comment_status":"closed","ping_status":"closed","sticky":false,"template":"","format":"standard","meta":{"footnotes":""},"categories":[2],"tags":[29],"ods":[],"class_list":["post-52990","post","type-post","status-publish","format-standard","hentry","category-noticias","tag-cultura"],"_links":{"self":[{"href":"https:\/\/jundiai.sp.gov.br\/noticias\/wp-json\/wp\/v2\/posts\/52990","targetHints":{"allow":["GET"]}}],"collection":[{"href":"https:\/\/jundiai.sp.gov.br\/noticias\/wp-json\/wp\/v2\/posts"}],"about":[{"href":"https:\/\/jundiai.sp.gov.br\/noticias\/wp-json\/wp\/v2\/types\/post"}],"author":[{"embeddable":true,"href":"https:\/\/jundiai.sp.gov.br\/noticias\/wp-json\/wp\/v2\/users\/11"}],"replies":[{"embeddable":true,"href":"https:\/\/jundiai.sp.gov.br\/noticias\/wp-json\/wp\/v2\/comments?post=52990"}],"version-history":[{"count":2,"href":"https:\/\/jundiai.sp.gov.br\/noticias\/wp-json\/wp\/v2\/posts\/52990\/revisions"}],"predecessor-version":[{"id":136120,"href":"https:\/\/jundiai.sp.gov.br\/noticias\/wp-json\/wp\/v2\/posts\/52990\/revisions\/136120"}],"wp:attachment":[{"href":"https:\/\/jundiai.sp.gov.br\/noticias\/wp-json\/wp\/v2\/media?parent=52990"}],"wp:term":[{"taxonomy":"category","embeddable":true,"href":"https:\/\/jundiai.sp.gov.br\/noticias\/wp-json\/wp\/v2\/categories?post=52990"},{"taxonomy":"post_tag","embeddable":true,"href":"https:\/\/jundiai.sp.gov.br\/noticias\/wp-json\/wp\/v2\/tags?post=52990"},{"taxonomy":"ods","embeddable":true,"href":"https:\/\/jundiai.sp.gov.br\/noticias\/wp-json\/wp\/v2\/ods?post=52990"}],"curies":[{"name":"wp","href":"https:\/\/api.w.org\/{rel}","templated":true}]}}