{"id":52999,"date":"2013-02-20T18:18:35","date_gmt":"2013-02-20T21:18:35","guid":{"rendered":"https:\/\/jundiai.sp.gov.br\/noticias\/?p=52999"},"modified":"2020-11-06T15:37:36","modified_gmt":"2020-11-06T18:37:36","slug":"uma-dae-sa-mais-proxima-da-populacao","status":"publish","type":"post","link":"https:\/\/jundiai.sp.gov.br\/noticias\/2013\/02\/20\/uma-dae-sa-mais-proxima-da-populacao\/","title":{"rendered":"Uma DAE S\/A mais pr\u00f3xima da popula\u00e7\u00e3o"},"content":{"rendered":"<p>O atual cen\u00e1rio de solicitar servi\u00e7os \u00e0 <a href=\"https:\/\/daejundiai.com.br\/\" target=\"_blank\" rel=\"noopener noreferrer\">DAE S\/A<\/a>, com o deslocamento do jundiaiense at\u00e9 a sede, na Vila Hortol\u00e2ndia, est\u00e1 com os dias contados. \u00c9 isso o que prev\u00ea o projeto de reestrutura\u00e7\u00e3o de atendimento da institui\u00e7\u00e3o, apresentado nesta quarta-feira (20) ao prefeito Pedro Bigardi pelo presidente da institui\u00e7\u00e3o, Jamil Yatim. Em breve, o consumidor poder\u00e1 ser atendido em postos situados em bairros da cidade. A exposi\u00e7\u00e3o foi acompanhada tamb\u00e9m pelo chefe da Casa Civil, Jos\u00e9 Carlos Pires.<\/p>\n<p><strong>Leia tamb\u00e9m<br \/>\n<\/strong><a href=\"https:\/\/jundiai.sp.gov.br\/noticias\/2013\/02\/em-breve-uma-nova-tv-educativa-vem-ai\/\" target=\"_blank\" rel=\"noopener noreferrer\">Em breve, uma nova TV Educativa vem a\u00ed<\/a><\/p>\n<div id=\"attachment_136115\" style=\"width: 730px\" class=\"wp-caption aligncenter\"><a href=\"https:\/\/jundiai.sp.gov.br\/noticias\/wp-content\/uploads\/sites\/32\/2013\/02\/visita_dae_edi_8g1.jpg\"><img loading=\"lazy\" decoding=\"async\" aria-describedby=\"caption-attachment-136115\" class=\"size-full wp-image-136115\" src=\"https:\/\/jundiai.sp.gov.br\/noticias\/wp-content\/uploads\/sites\/32\/2013\/02\/visita_dae_edi_8g1.jpg\" alt=\"Jamil Yatin e diretores apresentam avalia\u00e7\u00e3o ao prefeito\" width=\"720\" height=\"513\" \/><\/a><p id=\"caption-attachment-136115\" class=\"wp-caption-text\">Jamil Yatin e diretores apresentam avalia\u00e7\u00e3o ao prefeito<\/p><\/div>\n<p>A novidade veio ao encontro do projeto de descentraliza\u00e7\u00e3o de servi\u00e7os da atual administra\u00e7\u00e3o municipal. Segundo a diretoria, a ideia \u00e9 come\u00e7ar esta opera\u00e7\u00e3o em quatro bairros que ainda est\u00e3o sendo definidos. O fator principal que motivou foi o deslocamento de pessoas que moram, por exemplo, no Santa Gertrudes e que precisam utilizar dois terminais urbanos (Vila Arens e Hortol\u00e2ndia) para poder resolver as pend\u00eancias na sede da DAE, ainda que o atendimento tenha ficado mais r\u00e1pido.<\/p>\n<p>\u201cQuando assumimos a DAE, o tempo de espera era de 3 horas. Baixamos este tempo para tr\u00eas minutos, disponibilizando atendentes nos 10 postos que temos\u201d, explicou Yatim.<\/p>\n<p>E as mudan\u00e7as n\u00e3o ser\u00e3o apenas no tempo de atendimento. O presidente anunciou que o posto tamb\u00e9m mudar\u00e1 para uma nova \u00e1rea, pr\u00f3ximo da sa\u00edda, para facilitar o acesso da popula\u00e7\u00e3o.<\/p>\n<p><strong>24 horas<\/strong><br \/>\nOutra dificuldade que caminha para a resolu\u00e7\u00e3o \u00e9 o atendimento dos chamados de emerg\u00eancia. Atualmente o call center funciona de segunda a s\u00e1bado, das 6h \u00e0s 22h. O per\u00edodo das 22h \u00e0s 6h fica vulner\u00e1vel e &#8211; segundo os diretores &#8211; o hor\u00e1rio ser\u00e1 estendido para 24 horas, diariamente. O novo sistema ir\u00e1 trabalhar com alerta por torpedos SMS para informar diretores de \u00e1reas sobre eventuais problemas de relev\u00e2ncia na cidade.<\/p>\n<div id=\"attachment_136116\" style=\"width: 410px\" class=\"wp-caption alignleft\"><a href=\"https:\/\/jundiai.sp.gov.br\/noticias\/wp-content\/uploads\/sites\/32\/2013\/02\/visita_dae_edi_44g.jpg\"><img loading=\"lazy\" decoding=\"async\" aria-describedby=\"caption-attachment-136116\" class=\"size-full wp-image-136116\" src=\"https:\/\/jundiai.sp.gov.br\/noticias\/wp-content\/uploads\/sites\/32\/2013\/02\/visita_dae_edi_44g.jpg\" alt=\"Pedro Bigardi conversou com os colaboradores da DAE\" width=\"400\" height=\"400\" \/><\/a><p id=\"caption-attachment-136116\" class=\"wp-caption-text\">Pedro Bigardi conversou com os colaboradores da DAE<\/p><\/div>\n<p><strong>Gest\u00e3o<\/strong><br \/>\nJamil Yatim tamb\u00e9m fez uma r\u00e1pida apresenta\u00e7\u00e3o do modelo de gest\u00e3o adotada a partir de 1\u00ba de janeiro. \u201cO formato de administra\u00e7\u00e3o \u00e9 o participativo. Todas as diretorias est\u00e3o integradas. Quando assumimos, reunimos os diretores, gerentes e servidores no anfiteatro para que todos tivessem conhecimento da estrutura da DAE\u201d, disse.<\/p>\n<p>Ainda em gest\u00e3o foram apresentadas \u00e0s metas da diretoria de Recursos Humanos, que vai elaborar um novo plano de cargos, carreiras e empregos. Tamb\u00e9m haver\u00e1 abertura de concurso p\u00fablico e plano de capacita\u00e7\u00e3o dos colaboradores. Al\u00e9m do profissional, a DAE S\/A ir\u00e1 investir nas reformas da cozinha, refeit\u00f3rio e refeit\u00f3rio.<\/p>\n<p><strong>Impress\u00f5es <\/strong><br \/>\nTamb\u00e9m foi apresentado ao prefeito Pedro Bigardi avalia\u00e7\u00f5es sobre as bacias hidrogr\u00e1ficas que servem a cidade, tratamento de esgoto, a situa\u00e7\u00e3o da capta\u00e7\u00e3o de \u00e1gua bruta do Rio Jundia\u00ed-Mirim, recarga dos aqu\u00edferos (reposi\u00e7\u00e3o de \u00e1guas), obras em andamento e as pr\u00f3ximas metas estruturais para 2013 e 2014.<\/p>\n<p><strong>Obras <\/strong><br \/>\nO prefeito anunciou que o poder p\u00fablico trabalhar\u00e1 em parceria com a DAE S\/A. \u201cVamos refazer o asfalto das principais vias da cidade. Com o projeto em m\u00e3os, enviaremos \u00e0 DAE para avaliar se h\u00e1 obras no sistema de distribui\u00e7\u00e3o de \u00e1gua ou de emiss\u00e1rios para serem executadas antes da pavimenta\u00e7\u00e3o\u201d, disse.<\/p>\n<p><strong>Visita<\/strong><br \/>\nAp\u00f3s o encontro com os diretores, o prefeito Pedro Bigardi ainda reservou um tempo para conversar com os colaboradores que estavam no hor\u00e1rio de almo\u00e7o. Ele se comprometeu a retornar em breve para visitar todos os setores como tem feito nas \u00faltimas semanas.<\/p>\n<p><strong><em>Fotos: Divulga\u00e7\u00e3o<\/em><\/strong><\/p>\n","protected":false},"excerpt":{"rendered":"<p>Projeto de reestrutura\u00e7\u00e3o prev\u00ea mais proximidade entre a institui\u00e7\u00e3o e o cidad\u00e3o; veja todas as novidades   <\/p>\n","protected":false},"author":10,"featured_media":0,"comment_status":"closed","ping_status":"closed","sticky":false,"template":"","format":"standard","meta":{"footnotes":""},"categories":[2],"tags":[66],"ods":[],"class_list":["post-52999","post","type-post","status-publish","format-standard","hentry","category-noticias","tag-dae"],"_links":{"self":[{"href":"https:\/\/jundiai.sp.gov.br\/noticias\/wp-json\/wp\/v2\/posts\/52999","targetHints":{"allow":["GET"]}}],"collection":[{"href":"https:\/\/jundiai.sp.gov.br\/noticias\/wp-json\/wp\/v2\/posts"}],"about":[{"href":"https:\/\/jundiai.sp.gov.br\/noticias\/wp-json\/wp\/v2\/types\/post"}],"author":[{"embeddable":true,"href":"https:\/\/jundiai.sp.gov.br\/noticias\/wp-json\/wp\/v2\/users\/10"}],"replies":[{"embeddable":true,"href":"https:\/\/jundiai.sp.gov.br\/noticias\/wp-json\/wp\/v2\/comments?post=52999"}],"version-history":[{"count":2,"href":"https:\/\/jundiai.sp.gov.br\/noticias\/wp-json\/wp\/v2\/posts\/52999\/revisions"}],"predecessor-version":[{"id":258376,"href":"https:\/\/jundiai.sp.gov.br\/noticias\/wp-json\/wp\/v2\/posts\/52999\/revisions\/258376"}],"wp:attachment":[{"href":"https:\/\/jundiai.sp.gov.br\/noticias\/wp-json\/wp\/v2\/media?parent=52999"}],"wp:term":[{"taxonomy":"category","embeddable":true,"href":"https:\/\/jundiai.sp.gov.br\/noticias\/wp-json\/wp\/v2\/categories?post=52999"},{"taxonomy":"post_tag","embeddable":true,"href":"https:\/\/jundiai.sp.gov.br\/noticias\/wp-json\/wp\/v2\/tags?post=52999"},{"taxonomy":"ods","embeddable":true,"href":"https:\/\/jundiai.sp.gov.br\/noticias\/wp-json\/wp\/v2\/ods?post=52999"}],"curies":[{"name":"wp","href":"https:\/\/api.w.org\/{rel}","templated":true}]}}