{"id":53159,"date":"2013-02-22T13:49:15","date_gmt":"2013-02-22T16:49:15","guid":{"rendered":"https:\/\/jundiai.sp.gov.br\/noticias\/?p=53159"},"modified":"2016-11-04T13:24:11","modified_gmt":"2016-11-04T15:24:11","slug":"secretario-de-agricultura-visita-a-feira-da-ponte-sao-joao","status":"publish","type":"post","link":"https:\/\/jundiai.sp.gov.br\/noticias\/2013\/02\/22\/secretario-de-agricultura-visita-a-feira-da-ponte-sao-joao\/","title":{"rendered":"Secret\u00e1rio visita a feira da Ponte S\u00e3o Jo\u00e3o"},"content":{"rendered":"<p>Conhecer de perto a rotina e conversar com os feirantes sobre o funcionamento da atividade foram os motivos que levaram o secret\u00e1rio de Agricultura, Abastecimento e Turismo Rural, Marcos Brunholi, a visitar a feira livre da Ponte S\u00e3o Jo\u00e3o, uma da maiores da cidade em termos de acomoda\u00e7\u00e3o das bancas.<\/p>\n<p><strong>Leia tamb\u00e9m<\/strong><br \/>\n<a href=\"https:\/\/jundiai.sp.gov.br\/noticias\/2013\/02\/prefeitos-da-aglomeracao-urbana-fazem-encontro\/\" target=\"_blank\"><strong>Prefeitos da Aglomera\u00e7\u00e3o Urbana fazem encontro<\/strong><\/a><br \/>\n<a href=\"https:\/\/jundiai.sp.gov.br\/noticias\/2013\/02\/pesca-economica-garante-o-cardapio-na-semana-santa\/\" target=\"_blank\"><strong>Pesca Econ\u00f4mica garante o card\u00e1pio na Semana Santa<\/strong><\/a><\/p>\n<div id=\"attachment_136060\" style=\"width: 410px\" class=\"wp-caption alignleft\"><a href=\"https:\/\/jundiai.sp.gov.br\/noticias\/wp-content\/uploads\/sites\/32\/2013\/02\/sec_agricultura_visita_feira_2_G1.jpg\"><img loading=\"lazy\" decoding=\"async\" aria-describedby=\"caption-attachment-136060\" src=\"https:\/\/jundiai.sp.gov.br\/noticias\/wp-content\/uploads\/sites\/32\/2013\/02\/sec_agricultura_visita_feira_2_G1.jpg\" alt=\"Secret\u00e1rio Marcos Brunholi verifica as condi\u00e7\u00f5es da feira\" width=\"400\" height=\"400\" class=\"size-full wp-image-136060\" \/><\/a><p id=\"caption-attachment-136060\" class=\"wp-caption-text\">Secret\u00e1rio Marcos Brunholi verifica as condi\u00e7\u00f5es da feira<\/p><\/div>\n<p>Localizada na rua Jos\u00e9 Di Fiore, uma via projetada sobre um trecho canalizado do c\u00f3rrego da Col\u00f4nia, a feira &#8211; que tem pouco mais de 100 metros de extens\u00e3o &#8211; \u00e9 a primeira da cidade a ter um espa\u00e7o criado exclusivamente para essa finalidade. \u201cPor ser uma via projetada sobre um c\u00f3rrego, n\u00e3o temos casas com frente para ela, o que facilita a atividade dos feirantes, que contam com espa\u00e7os mais amplos e ainda podem estacionar os ve\u00edculos de carga na parte de tr\u00e1s das bancas\u201d, explica Marcos Brunholi.<\/p>\n<p>Durante a passagem pela feira, o secret\u00e1rio conversou com os feirantes para saber de poss\u00edveis ajustes que podem ser feitos para melhorar ainda mais as condi\u00e7\u00f5es do espa\u00e7o. Segundo ele, h\u00e1 o compromisso da atual administra\u00e7\u00e3o com as feiras livres e o pedido expresso do prefeito Pedro Bigardi no sentido de auxiliar no aprimoramento das atividades, ampliando a log\u00edstica e outras formas de apoio. \u201cTivemos uma reuni\u00e3o semana passada, quando os feirantes puderam manifestar-se sobre as necessidades para juntos discutirmos solu\u00e7\u00f5es e avan\u00e7o\u201d, aponta.<\/p>\n<p>A da Ponte S\u00e3o Jo\u00e3o, em especial, teve que mudar para novo endere\u00e7o, em fun\u00e7\u00e3o das obras do novo acesso do bairro, inviabilizando o antigo local onde ela funcionava, nas imedia\u00e7\u00f5es da rua Dino. Apesar de estar a 500 metros do antigo local, a feira ganhou em qualidade.<\/p>\n<div id=\"attachment_136059\" style=\"width: 410px\" class=\"wp-caption alignright\"><a href=\"https:\/\/jundiai.sp.gov.br\/noticias\/wp-content\/uploads\/sites\/32\/2013\/02\/sec_agricultura_visita_feira_0_G.jpg\"><img loading=\"lazy\" decoding=\"async\" aria-describedby=\"caption-attachment-136059\" src=\"https:\/\/jundiai.sp.gov.br\/noticias\/wp-content\/uploads\/sites\/32\/2013\/02\/sec_agricultura_visita_feira_0_G.jpg\" alt=\"Brunholi ouviu tamb\u00e9m pedidos e sugest\u00f5es dos feirantes\" width=\"400\" height=\"400\" class=\"size-full wp-image-136059\" \/><\/a><p id=\"caption-attachment-136059\" class=\"wp-caption-text\">Brunholi ouviu tamb\u00e9m pedidos e sugest\u00f5es dos feirantes<\/p><\/div>\n<p><b>Mais<\/b><br \/>\nA feira livre em Jundia\u00ed funciona de ter\u00e7a a domingo e conta com cerca de 200 permission\u00e1rios. Em alguns dias da semana elas acontecem em mais de uma regi\u00e3o, a fim de beneficiar o maior n\u00famero de pessoas poss\u00edvel. Al\u00e9m das feiras, a cidade ainda conta com os varej\u00f5es, que atendem com um formato diferenciado e tamb\u00e9m cobrem todas as regi\u00f5es da cidade. Para saber sobre datas e locais de feiras e varej\u00f5es, \u00e9 s\u00f3 acessar o portal da <a href=\"https:\/\/jundiai.sp.gov.br\/noticias\/agricultura-e-abastecimento\/\" target=\"_blank\">Prefeitura de Jundia\u00ed, em Secretaria Municipal de Agricultura e Abastecimento<\/a>.<\/p>\n","protected":false},"excerpt":{"rendered":"<p>Compromisso da atual administra\u00e7\u00e3o com as feiras livres \u00e9 o pedido expresso de Pedro Bigardi<\/p>\n","protected":false},"author":11,"featured_media":0,"comment_status":"closed","ping_status":"closed","sticky":false,"template":"","format":"standard","meta":{"footnotes":""},"categories":[2],"tags":[41],"ods":[],"class_list":["post-53159","post","type-post","status-publish","format-standard","hentry","category-noticias","tag-agricultura-abastecimento-e-turismo"],"_links":{"self":[{"href":"https:\/\/jundiai.sp.gov.br\/noticias\/wp-json\/wp\/v2\/posts\/53159","targetHints":{"allow":["GET"]}}],"collection":[{"href":"https:\/\/jundiai.sp.gov.br\/noticias\/wp-json\/wp\/v2\/posts"}],"about":[{"href":"https:\/\/jundiai.sp.gov.br\/noticias\/wp-json\/wp\/v2\/types\/post"}],"author":[{"embeddable":true,"href":"https:\/\/jundiai.sp.gov.br\/noticias\/wp-json\/wp\/v2\/users\/11"}],"replies":[{"embeddable":true,"href":"https:\/\/jundiai.sp.gov.br\/noticias\/wp-json\/wp\/v2\/comments?post=53159"}],"version-history":[{"count":2,"href":"https:\/\/jundiai.sp.gov.br\/noticias\/wp-json\/wp\/v2\/posts\/53159\/revisions"}],"predecessor-version":[{"id":136061,"href":"https:\/\/jundiai.sp.gov.br\/noticias\/wp-json\/wp\/v2\/posts\/53159\/revisions\/136061"}],"wp:attachment":[{"href":"https:\/\/jundiai.sp.gov.br\/noticias\/wp-json\/wp\/v2\/media?parent=53159"}],"wp:term":[{"taxonomy":"category","embeddable":true,"href":"https:\/\/jundiai.sp.gov.br\/noticias\/wp-json\/wp\/v2\/categories?post=53159"},{"taxonomy":"post_tag","embeddable":true,"href":"https:\/\/jundiai.sp.gov.br\/noticias\/wp-json\/wp\/v2\/tags?post=53159"},{"taxonomy":"ods","embeddable":true,"href":"https:\/\/jundiai.sp.gov.br\/noticias\/wp-json\/wp\/v2\/ods?post=53159"}],"curies":[{"name":"wp","href":"https:\/\/api.w.org\/{rel}","templated":true}]}}