{"id":53237,"date":"2013-02-22T19:09:06","date_gmt":"2013-02-22T22:09:06","guid":{"rendered":"https:\/\/jundiai.sp.gov.br\/noticias\/?p=53237"},"modified":"2016-11-04T13:17:13","modified_gmt":"2016-11-04T15:17:13","slug":"meligeni-da-clinica-e-esbanja-simpatia-no-bolao","status":"publish","type":"post","link":"https:\/\/jundiai.sp.gov.br\/noticias\/2013\/02\/22\/meligeni-da-clinica-e-esbanja-simpatia-no-bolao\/","title":{"rendered":"Meligeni d\u00e1 clinica e esbanja simpatia no Bol\u00e3o"},"content":{"rendered":"<p>Fernando Meligeni esteve em Jundia\u00ed nesta sexta-feira (22) para ministrar uma cl\u00ednica de t\u00eanis, que ocorreu no gin\u00e1sio do Complexo Educacional, Cultural e Esportivo Doutor Nicolino de Luca, o Bol\u00e3o. O ex-tenista esbanjou simpatia, conversou, respondeu perguntas e bateu bola com cerca de 180 crian\u00e7as que compareceram ao evento. E fez quest\u00e3o de atender todos os pedidos de fotos e aut\u00f3grafos.<\/p>\n<p><strong>Leia tamb\u00e9m<\/strong><br \/>\n<a href=\"https:\/\/jundiai.sp.gov.br\/noticias\/2013\/02\/jundiai-faz-amistosos-contra-o-palmeiras-no-futsal\/\" target=\"_blank\"><strong>Jundia\u00ed faz amistosos contra o Palmeiras no futsal<\/strong><\/a><\/p>\n<div id=\"attachment_135927\" style=\"width: 410px\" class=\"wp-caption alignleft\"><a href=\"https:\/\/jundiai.sp.gov.br\/noticias\/wp-content\/uploads\/sites\/32\/2013\/02\/fernando_meligeni_bolao_p_274g.jpg\"><img loading=\"lazy\" decoding=\"async\" aria-describedby=\"caption-attachment-135927\" src=\"https:\/\/jundiai.sp.gov.br\/noticias\/wp-content\/uploads\/sites\/32\/2013\/02\/fernando_meligeni_bolao_p_274g.jpg\" alt=\"Fernando Meligeni foi cercado pelas crian\u00e7as\" width=\"400\" height=\"400\" class=\"size-full wp-image-135927\" \/><\/a><p id=\"caption-attachment-135927\" class=\"wp-caption-text\">Fernando Meligeni foi cercado pelas crian\u00e7as<\/p><\/div>\n<p>\u201c\u00c9 uma experi\u00eancia maravilhosa ter contato com as crian\u00e7as e os jovens atrav\u00e9s do t\u00eanis. O esporte traz muitos valores para as pessoas e trouxe para mim. Atrav\u00e9s do t\u00eanis, eu aprendi disciplina, justi\u00e7a, entre outras coisas. No t\u00eanis, bola fora \u00e9 bola fora. Eu falo que fui duas vezes educado, uma vez pelo meus pais e outra pelos professores de t\u00eanis\u201d, disse Meligeni, que enalteceu a iniciativa de Jundia\u00ed.<\/p>\n<p>\u201cEste evento d\u00e1 oportunidade de passar minha experi\u00eancia para crian\u00e7as que est\u00e3o come\u00e7ando e gente que nunca pegou em uma raquete. Estas crian\u00e7as n\u00e3o me viram jogar, mas eu tenho a chance de passar alguma coisa para eles. Adoro crian\u00e7a\u201d, explicou.<\/p>\n<p>Os irm\u00e3os Felipe Ferreira Iser, de 8 anos, e Tiago, de 5, eram os mais empolgados com a presen\u00e7a de Meligeni. \u201cQuero ser um atleta profissional e foi muito legal conhecer o Meligeni. \u00c9 uma experi\u00eancia boa\u201d, explicou Felipe.<\/p>\n<p>Thiago foi ousado nos coment\u00e1rios sobre a experi\u00eancia desta sexta-feira. \u201cEu ganhei dele e ele falou que sou um profissional.\u201d<\/p>\n<p>Meligeni tamb\u00e9m bateu bola com os atletas do Peama (Programa de Esportes e Atividades Motoras Adaptadas). O ex-tenista \u00e9 padrinho da Special Olympics, considerado o segundo maior evento esportivo do mundo.<\/p>\n<p><b>Homenagem<br \/>\n<\/b>Antes da cl\u00ednica, Meligeni foi homenageado. Ele recebeu da m\u00e3o do pelo secret\u00e1rio adjunto de Esportes, Cristiano Lopes, a medalha Japy. A honraria \u00e9 oferecida para pessoas e entidades que de alguma forma incentivam ou incentivaram o esporte em Jundia\u00ed.<\/p>\n<p>\u201cA presen\u00e7a do Meligeni em Jundia\u00ed nos alegra e nos honra muito. \u00c9 uma figura importante do nosso esporte e mexeu com a crian\u00e7ada. Basta ver nos olhos das crian\u00e7as que brilharam. Queremos fazer isso tamb\u00e9m nos nossos complexos\u201d, explicou Lopes.<\/p>\n<p>O coordenador da modalidade em Jundia\u00ed, Petrus Esteves Teixeira, afirmou que a presen\u00e7a de Meligeni transformou a vida dos alunos das escolinhas de Jundia\u00ed. \u201cA partir de agora eles v\u00e3o enxergar o t\u00eanis com outro olhar. A\u00e7\u00f5es como estas servem para alavancar o esporte e este contato pr\u00f3ximo com um \u00eddolo \u00e9 muito importante para Jundia\u00ed, onde 150 crian\u00e7as praticam a modalidade nas escolinhas&#8221;.<\/p>\n<p>A aula de t\u00eanis de Meligeni faz parte do projeto Caravana Sesc Ver\u00e3o, que contar\u00e1 com a parceria com o Sincom\u00e9rcio (Sindicato do Com\u00e9rcio Varejista de Jundia\u00ed e Regi\u00e3o) e da Prefeitura de Jundia\u00ed.<\/p>\n<p><b>Hist\u00f3rico <\/b><br \/>\nFernando Meligeni foi medalha de ouro no Panamericano de Santo Domingo, em 2003; 4\u00ba lugar na Olimp\u00edada de Atlanta, em 1996; jogador e capit\u00e3o do Brasil na Copa Davis entre 1993 e 2006. Est\u00e1 aposentado desde 2003, quando passou a disputar torneios de veteranos, jogos de exibi\u00e7\u00e3o e ministrar cl\u00ednicas.<\/p>\n<p><em><strong>Fotos: Paulo Gr\u00e9gio<\/strong><\/em><\/p>\n","protected":false},"excerpt":{"rendered":"<p>A aula de t\u00eanis de Meligeni faz parte do projeto Caravana Sesc Ver\u00e3o; atleta fez quest\u00e3o de atender todas as crian\u00e7as<\/p>\n","protected":false},"author":11,"featured_media":0,"comment_status":"closed","ping_status":"closed","sticky":false,"template":"","format":"standard","meta":{"footnotes":""},"categories":[2],"tags":[35],"ods":[],"class_list":["post-53237","post","type-post","status-publish","format-standard","hentry","category-noticias","tag-esporte-e-lazer"],"_links":{"self":[{"href":"https:\/\/jundiai.sp.gov.br\/noticias\/wp-json\/wp\/v2\/posts\/53237","targetHints":{"allow":["GET"]}}],"collection":[{"href":"https:\/\/jundiai.sp.gov.br\/noticias\/wp-json\/wp\/v2\/posts"}],"about":[{"href":"https:\/\/jundiai.sp.gov.br\/noticias\/wp-json\/wp\/v2\/types\/post"}],"author":[{"embeddable":true,"href":"https:\/\/jundiai.sp.gov.br\/noticias\/wp-json\/wp\/v2\/users\/11"}],"replies":[{"embeddable":true,"href":"https:\/\/jundiai.sp.gov.br\/noticias\/wp-json\/wp\/v2\/comments?post=53237"}],"version-history":[{"count":2,"href":"https:\/\/jundiai.sp.gov.br\/noticias\/wp-json\/wp\/v2\/posts\/53237\/revisions"}],"predecessor-version":[{"id":135928,"href":"https:\/\/jundiai.sp.gov.br\/noticias\/wp-json\/wp\/v2\/posts\/53237\/revisions\/135928"}],"wp:attachment":[{"href":"https:\/\/jundiai.sp.gov.br\/noticias\/wp-json\/wp\/v2\/media?parent=53237"}],"wp:term":[{"taxonomy":"category","embeddable":true,"href":"https:\/\/jundiai.sp.gov.br\/noticias\/wp-json\/wp\/v2\/categories?post=53237"},{"taxonomy":"post_tag","embeddable":true,"href":"https:\/\/jundiai.sp.gov.br\/noticias\/wp-json\/wp\/v2\/tags?post=53237"},{"taxonomy":"ods","embeddable":true,"href":"https:\/\/jundiai.sp.gov.br\/noticias\/wp-json\/wp\/v2\/ods?post=53237"}],"curies":[{"name":"wp","href":"https:\/\/api.w.org\/{rel}","templated":true}]}}