{"id":53610,"date":"2013-02-27T21:25:47","date_gmt":"2013-02-28T00:25:47","guid":{"rendered":"https:\/\/jundiai.sp.gov.br\/noticias\/?p=53610"},"modified":"2016-11-04T13:23:07","modified_gmt":"2016-11-04T15:23:07","slug":"realidade-financeira-do-municipio-e-apresentada","status":"publish","type":"post","link":"https:\/\/jundiai.sp.gov.br\/noticias\/2013\/02\/27\/realidade-financeira-do-municipio-e-apresentada\/","title":{"rendered":"Realidade financeira do munic\u00edpio \u00e9 apresentada"},"content":{"rendered":"<p>A Secretaria de Finan\u00e7as apresentou, na tarde desta quarta-feira (27), durante coletiva de imprensa, a sua nova estrutura organizacional. Tamb\u00e9m foi uma oportunidade para o secret\u00e1rio da pasta, Paulo Roberto Galv\u00e3o, expor a realidade financeira do munic\u00edpio e as medidas que est\u00e3o sento tomadas para reduzir gastos e aumentar o investimento no munic\u00edpio.<\/p>\n<p><strong>Leia tamb\u00e9m<br \/>\n<a href=\"https:\/\/jundiai.sp.gov.br\/noticias\/2013\/02\/novo-fundo-social-vai-valorizar-ainda-mais-a-solidariedade\/\" target=\"_blank\">Novo Fundo Social vai valorizar ainda mais a solidariedade<\/a><\/strong><br \/>\n<a href=\"https:\/\/jundiai.sp.gov.br\/noticias\/2013\/02\/imprensa-oficial-oferece-mais-qualidade-na-impressao-com-custo-menor\/\" target=\"_blank\"><strong>Imprensa Oficial tem mais qualidade com custo menor<\/strong><\/a><br \/>\n<a href=\"https:\/\/jundiai.sp.gov.br\/noticias\/2013\/02\/uma-dae-sa-mais-proxima-da-populacao\/\" target=\"_blank\"><strong>Uma DAE S\/A mais pr\u00f3xima da popula\u00e7\u00e3o<\/strong><\/a><br \/>\n<a href=\"https:\/\/jundiai.sp.gov.br\/noticias\/2013\/02\/em-breve-uma-nova-tv-educativa-vem-ai\/\" target=\"_blank\"><strong>Em breve, uma nova TV Educativa vem a\u00ed<\/strong><\/a><\/p>\n<p>Paulo Galv\u00e3o apresentou a nova diretoria, que vem atuando no modelo de gest\u00e3o integrada, composta por Dorival Caldeira da Silva (Planejamento e Execu\u00e7\u00e3o Or\u00e7ament\u00e1ria), Celso Luiz Colletti (Administra\u00e7\u00e3o Financeira), Jos\u00e9 Carlos da Costa Amaro (Fiscaliza\u00e7\u00e3o Tribut\u00e1ria), Roberto Oliveira J\u00fanior (Sistema de Contabilidade Municipal), M\u00e1rcio Cesar Santiago (Contabilidade Municipal) e Luiz Henrique (Fiscaliza\u00e7\u00e3o e Licenciamento de Atividade).<\/p>\n<div id=\"attachment_135787\" style=\"width: 730px\" class=\"wp-caption aligncenter\"><a href=\"https:\/\/jundiai.sp.gov.br\/noticias\/wp-content\/uploads\/sites\/32\/2013\/02\/coletiva_financas_audiencia_publica_p_21G1.jpg\"><img loading=\"lazy\" decoding=\"async\" aria-describedby=\"caption-attachment-135787\" src=\"https:\/\/jundiai.sp.gov.br\/noticias\/wp-content\/uploads\/sites\/32\/2013\/02\/coletiva_financas_audiencia_publica_p_21G1.jpg\" alt=\"Paulo Galv\u00e3o apresentou a equipe e explicou como ser\u00e1 o trabalho daqui pra frente\" width=\"720\" height=\"513\" class=\"size-full wp-image-135787\" \/><\/a><p id=\"caption-attachment-135787\" class=\"wp-caption-text\">Paulo Galv\u00e3o apresentou a equipe e explicou como ser\u00e1 o trabalho daqui pra frente<\/p><\/div>\n<p><strong>Or\u00e7amento<\/strong><br \/>\nUm dos grandes questionamentos da imprensa, desde o in\u00edcio do novo governo, foi em rela\u00e7\u00e3o ao valor real do or\u00e7amento municipal, divulgado no final de 2012 com uma arrecada\u00e7\u00e3o de R$ 1,6 bilh\u00e3o. O secret\u00e1rio explicou que o montante foi superestimado e n\u00e3o alcan\u00e7ou a proje\u00e7\u00e3o. \u201cTamb\u00e9m houve o aumento das despesas de custeio e a redu\u00e7\u00e3o de investimento. Em 2007, o porcentual de receita l\u00edquida teve a marca de 9,9%. Em 2012, houve uma queda e foi registrado 6,9%\u201d, comentou.<\/p>\n<p>A estimativa, segundo ele, teve a proje\u00e7\u00e3o de que o IPTU (Imposto Predial e Territorial Urbano), por exemplo, arrecadaria R$ 98,990,00 em 2013. \u201cA reestimativa com base na arrecada\u00e7\u00e3o real \u00e9 que o valor aproximado ser\u00e1 de R$ 88.996,00.\u201d<\/p>\n<p>Em rela\u00e7\u00e3o a restos a pagar n\u00e3o processados, Paulo Galv\u00e3o apresentou a planilha com um total de R$ 16.221.684,57. \u201cEstes valores s\u00e3o de reservas que estavam programadas, mas n\u00e3o foram utilizadas. Estamos realizando mutir\u00f5es de trabalho nas secretarias e j\u00e1 conseguimos resgatar R$ 1,6 milh\u00e3o que colocamos \u00e0 disposi\u00e7\u00e3o para investimentos\u201d, disse.<\/p>\n<div id=\"attachment_135788\" style=\"width: 410px\" class=\"wp-caption alignleft\"><a href=\"https:\/\/jundiai.sp.gov.br\/noticias\/wp-content\/uploads\/sites\/32\/2013\/02\/coletiva_financas_audiencia_publica_p_35G.jpg\"><img loading=\"lazy\" decoding=\"async\" aria-describedby=\"caption-attachment-135788\" src=\"https:\/\/jundiai.sp.gov.br\/noticias\/wp-content\/uploads\/sites\/32\/2013\/02\/coletiva_financas_audiencia_publica_p_35G.jpg\" alt=\"A coletiva foi acompanhada tamb\u00e9m pelos secret\u00e1rios de outras pastas\" width=\"400\" height=\"400\" class=\"size-full wp-image-135788\" \/><\/a><p id=\"caption-attachment-135788\" class=\"wp-caption-text\">A coletiva foi acompanhada tamb\u00e9m pelos secret\u00e1rios de outras pastas<\/p><\/div>\n<p><strong>Princ\u00edpios<\/strong><br \/>\nPaulo Galv\u00e3o tamb\u00e9m mostrou imagens de materiais e equipamentos comprados que est\u00e3o se deteriorando nos dep\u00f3sitos, como bebedouros, revestimento de piso, telas de forro, entre outros.<\/p>\n<p>\u201cH\u00e1 tamb\u00e9m arm\u00e1rios que foram comprados para a Educa\u00e7\u00e3o que est\u00e3o enferrujando. E novas remessas de equipamentos que foram adquiridos sem serem utilizados. Dinheiro p\u00fablico n\u00e3o pode ser estocado. Tem que ser utilizado imediatamente\u201d, completou.<\/p>\n<p>Para identificar por onde est\u00e3o os gastos, o secret\u00e1rio anunciou que ser\u00e1 feita uma consultoria para apontar os setores que dever\u00e3o passar por uma auditoria. \u201cO processo de auditoria \u00e9 muito caro, sem contar que leva-se muito tempo para a finaliza\u00e7\u00e3o. No entanto, a consultoria \u00e9 o melhor caminho para este apontamento. Com os dados em m\u00e3os, poderemos at\u00e9 mesmo encaminhar ao Tribunal de Contas para que seja feita a auditoria diretamente por eles.\u201d<\/p>\n<p><strong>Alugu\u00e9is<\/strong><br \/>\nCom a an\u00e1lise preliminar realizada pela equipe da secretaria, tamb\u00e9m foram levantados os in\u00fameros alugu\u00e9is pagos pela prefeitura. \u201cHouve o pagamento de R$ 315 mil durante o per\u00edodo de maio de 2011 a julho de 2012, para o projeto Incubadora de Empresas no Distrito Industrial. No entanto, no local, nunca funcionou o projeto. J\u00e1 fizemos o cancelamento e estamos vendo com o Jur\u00eddico a possibilidade de reaver este dinheiro\u201d, argumentou.<\/p>\n<p><strong>Conduta<\/strong><br \/>\nA t\u00f4nica que ser\u00e1 seguida pela equipe da Secretaria de Finan\u00e7as, segundo Paulo Galv\u00e3o, vai seguir o roteiro dos princ\u00edpios da Administra\u00e7\u00e3o P\u00fablica: transpar\u00eancia, efici\u00eancia, efic\u00e1cia, efetividade, economicidade, impessoalidade, moralidade e legalidade.<\/p>\n<p>\u201cEssas s\u00e3o as diretrizes que vamos seguir na pasta, fortalecida tamb\u00e9m pela participa\u00e7\u00e3o das outras secretarias, pois \u00e9 Finan\u00e7as quem paga a conta. E esta integra\u00e7\u00e3o \u00e9 um reflexo da administra\u00e7\u00e3o do prefeito Pedro Bigardi\u201d, finalizou.<\/p>\n<p><strong><em>Foto: Paulo Gr\u00e9gio<\/em><\/strong><\/p>\n","protected":false},"excerpt":{"rendered":"<p>Secretario Paulo Roberto Galv\u00e3o mostrou como vai reduzir os gastos e aumentar os investimentos <\/p>\n","protected":false},"author":10,"featured_media":0,"comment_status":"closed","ping_status":"closed","sticky":false,"template":"","format":"standard","meta":{"footnotes":""},"categories":[2],"tags":[345],"ods":[],"class_list":["post-53610","post","type-post","status-publish","format-standard","hentry","category-noticias","tag-financas"],"_links":{"self":[{"href":"https:\/\/jundiai.sp.gov.br\/noticias\/wp-json\/wp\/v2\/posts\/53610","targetHints":{"allow":["GET"]}}],"collection":[{"href":"https:\/\/jundiai.sp.gov.br\/noticias\/wp-json\/wp\/v2\/posts"}],"about":[{"href":"https:\/\/jundiai.sp.gov.br\/noticias\/wp-json\/wp\/v2\/types\/post"}],"author":[{"embeddable":true,"href":"https:\/\/jundiai.sp.gov.br\/noticias\/wp-json\/wp\/v2\/users\/10"}],"replies":[{"embeddable":true,"href":"https:\/\/jundiai.sp.gov.br\/noticias\/wp-json\/wp\/v2\/comments?post=53610"}],"version-history":[{"count":3,"href":"https:\/\/jundiai.sp.gov.br\/noticias\/wp-json\/wp\/v2\/posts\/53610\/revisions"}],"predecessor-version":[{"id":135789,"href":"https:\/\/jundiai.sp.gov.br\/noticias\/wp-json\/wp\/v2\/posts\/53610\/revisions\/135789"}],"wp:attachment":[{"href":"https:\/\/jundiai.sp.gov.br\/noticias\/wp-json\/wp\/v2\/media?parent=53610"}],"wp:term":[{"taxonomy":"category","embeddable":true,"href":"https:\/\/jundiai.sp.gov.br\/noticias\/wp-json\/wp\/v2\/categories?post=53610"},{"taxonomy":"post_tag","embeddable":true,"href":"https:\/\/jundiai.sp.gov.br\/noticias\/wp-json\/wp\/v2\/tags?post=53610"},{"taxonomy":"ods","embeddable":true,"href":"https:\/\/jundiai.sp.gov.br\/noticias\/wp-json\/wp\/v2\/ods?post=53610"}],"curies":[{"name":"wp","href":"https:\/\/api.w.org\/{rel}","templated":true}]}}