{"id":53645,"date":"2013-02-28T09:49:02","date_gmt":"2013-02-28T12:49:02","guid":{"rendered":"https:\/\/jundiai.sp.gov.br\/noticias\/?p=53645"},"modified":"2016-11-04T13:15:43","modified_gmt":"2016-11-04T15:15:43","slug":"fundo-social-busca-parceria-para-oferecer-novos-cursos","status":"publish","type":"post","link":"https:\/\/jundiai.sp.gov.br\/noticias\/2013\/02\/28\/fundo-social-busca-parceria-para-oferecer-novos-cursos\/","title":{"rendered":"Fundo Social busca parceria para novos cursos"},"content":{"rendered":"<p>A primeira-dama e presidente do Funss (Fundo Social de Solidariedade), Margarete Geraldo Bigardi, visitou, na \u00faltima semana, o Fundo Social de Solidariedade do Estado de S\u00e3o Paulo e voltou a Jundia\u00ed com boas not\u00edcias.<\/p>\n<p><strong>Leia tamb\u00e9m<\/strong><br \/>\n<a href=\"https:\/\/jundiai.sp.gov.br\/noticias\/2013\/02\/campanha-de-inverno-sera-lancada-dia-4\/\" target=\"_blank\"><strong> Campanha de Inverno ser\u00e1 lan\u00e7ada dia (4)<\/strong><\/a><\/p>\n<p>Segundo ela, est\u00e1 em fase de tramita\u00e7\u00e3o um conv\u00eanio para que sejam realizados no munic\u00edpio, com apoio do Estado, o curso de Panifica\u00e7\u00e3o Artesanal e de Escola de Moda. \u201cA proposta deve se concretizar em breve e os cursos se iniciar\u00e3o at\u00e9 o fim do primeiro semestre.\u201d<\/p>\n<div id=\"attachment_135769\" style=\"width: 410px\" class=\"wp-caption alignleft\"><a href=\"https:\/\/jundiai.sp.gov.br\/noticias\/wp-content\/uploads\/sites\/32\/2013\/02\/fotog1.jpg\"><img loading=\"lazy\" decoding=\"async\" aria-describedby=\"caption-attachment-135769\" src=\"https:\/\/jundiai.sp.gov.br\/noticias\/wp-content\/uploads\/sites\/32\/2013\/02\/fotog1.jpg\" alt=\"Margarete e colaboradoras visitaram o Funss do Estado e voltaram com novidades\" width=\"400\" height=\"400\" class=\"size-full wp-image-135769\" \/><\/a><p id=\"caption-attachment-135769\" class=\"wp-caption-text\">Margarete e colaboradoras visitaram o Funss do Estado e voltaram com novidades<\/p><\/div>\n<p>De acordo com Margarete, a proposta do Fundo Social \u00e9 preparar profissionais para o mercado de trabalho. \u201cQueremos possibilitar aos alunos bons cursos, para capacit\u00e1-los de verdade.\u201d<\/p>\n<p>Margarete explica que o Estado deve mandar ao Funss de Jundia\u00ed os equipamentos para a realiza\u00e7\u00e3o das aulas. Al\u00e9m disso, vai preparar os professores com cursos espec\u00edficos para cada \u00e1rea. \u201cN\u00f3s arcaremos com o pagamento do sal\u00e1rio desses profissionais\u201d, explica.<\/p>\n<p>Para as aulas da oficina de moda, por exemplo, o conv\u00eanio prev\u00ea tr\u00eas m\u00e1quinas de costura reta, uma m\u00e1quina de overlock e 300 metros de tecido. \u201cN\u00e3o \u00e9 curso de corte e costura. S\u00e3o aulas para que os alunos aprendam um conceito de moda e alta costura\u201d, conta a diretora do Funss, Viviane Quiessi, que tamb\u00e9m participou da visita na capital.<\/p>\n<p><b>Bazar<br \/>\n<\/b>A ideia, segundo Viviane, \u00e9 realizar um bazar, ao final do curso, com os produtos feitos pelos alunos para arrecadar verba para o Funss. Ela lembra que nas aulas da padaria artesanal, os alunos aprender\u00e3o a confeccionar dez tipos de p\u00e3es.<\/p>\n<p>Viviane destaca ainda outro ponto positivo do conv\u00eanio. \u201cPoderemos formar mais de um professor. E isso \u00e9 muito bom.&#8221; A ideia \u00e9 descentralizar o trabalho do Funss e levar os cursos aos bairros da cidade. No entanto, o projeto esbarra em um empecilho. \u201cN\u00e3o temos verba para pagar mais professores. O or\u00e7amento do Funss \u00e9 pequeno. Por isso, precisamos de patroc\u00ednio de empresas.&#8221;<\/p>\n<p>De acordo com Margarete, a falta de patroc\u00ednio impede a amplia\u00e7\u00e3o da grade de cursos no pr\u00f3prio Funss. \u201cEstamos em busca de parceiros. Os interessados podem nos procurar\u201d, ressalta. Ela frisa que a preocupa\u00e7\u00e3o do Fundo Social \u00e9 dar cursos de qualidade \u00e0 popula\u00e7\u00e3o. \u201cInfelizmente, neste ano n\u00e3o conseguiremos colocar a mesma quantidade de cursos que t\u00ednhamos. Estamos nos estruturando, buscando conv\u00eanios. Mas vale lembrar que mesmo com a grade reduzida, teremos cursos muito bons, para que os alunos possam competir com outros profissionais de igual para igual.\u201d<\/p>\n<p><em><strong>Fotos: divulga\u00e7\u00e3o<\/strong><\/em><\/p>\n","protected":false},"excerpt":{"rendered":"<p>A proposta \u00e9 preparar os participantes para o mercado de trabalho; apoio de empresas ser\u00e1 bem-vinda<\/p>\n","protected":false},"author":11,"featured_media":0,"comment_status":"closed","ping_status":"closed","sticky":false,"template":"","format":"standard","meta":{"footnotes":""},"categories":[2],"tags":[],"ods":[],"class_list":["post-53645","post","type-post","status-publish","format-standard","hentry","category-noticias"],"_links":{"self":[{"href":"https:\/\/jundiai.sp.gov.br\/noticias\/wp-json\/wp\/v2\/posts\/53645","targetHints":{"allow":["GET"]}}],"collection":[{"href":"https:\/\/jundiai.sp.gov.br\/noticias\/wp-json\/wp\/v2\/posts"}],"about":[{"href":"https:\/\/jundiai.sp.gov.br\/noticias\/wp-json\/wp\/v2\/types\/post"}],"author":[{"embeddable":true,"href":"https:\/\/jundiai.sp.gov.br\/noticias\/wp-json\/wp\/v2\/users\/11"}],"replies":[{"embeddable":true,"href":"https:\/\/jundiai.sp.gov.br\/noticias\/wp-json\/wp\/v2\/comments?post=53645"}],"version-history":[{"count":2,"href":"https:\/\/jundiai.sp.gov.br\/noticias\/wp-json\/wp\/v2\/posts\/53645\/revisions"}],"predecessor-version":[{"id":135770,"href":"https:\/\/jundiai.sp.gov.br\/noticias\/wp-json\/wp\/v2\/posts\/53645\/revisions\/135770"}],"wp:attachment":[{"href":"https:\/\/jundiai.sp.gov.br\/noticias\/wp-json\/wp\/v2\/media?parent=53645"}],"wp:term":[{"taxonomy":"category","embeddable":true,"href":"https:\/\/jundiai.sp.gov.br\/noticias\/wp-json\/wp\/v2\/categories?post=53645"},{"taxonomy":"post_tag","embeddable":true,"href":"https:\/\/jundiai.sp.gov.br\/noticias\/wp-json\/wp\/v2\/tags?post=53645"},{"taxonomy":"ods","embeddable":true,"href":"https:\/\/jundiai.sp.gov.br\/noticias\/wp-json\/wp\/v2\/ods?post=53645"}],"curies":[{"name":"wp","href":"https:\/\/api.w.org\/{rel}","templated":true}]}}