{"id":53659,"date":"2013-02-28T16:36:31","date_gmt":"2013-02-28T19:36:31","guid":{"rendered":"https:\/\/jundiai.sp.gov.br\/noticias\/?p=53659"},"modified":"2016-11-04T13:11:21","modified_gmt":"2016-11-04T15:11:21","slug":"servidora-mulher-culinarista-tera-resultado-conhecido-dia-8","status":"publish","type":"post","link":"https:\/\/jundiai.sp.gov.br\/noticias\/2013\/02\/28\/servidora-mulher-culinarista-tera-resultado-conhecido-dia-8\/","title":{"rendered":"&#8216;Servidora, Mulher, Culinarista&#8217; ter\u00e1 resultado conhecido dia 8"},"content":{"rendered":"<p>A Secretaria de Recursos Humanos est\u00e1 guardando para o dia 8 de mar\u00e7o, Dia Internacional da Mulher, a divulga\u00e7\u00e3o dos resultados do concurso \u201cServidora, Mulher, Culinarista\u201d, evento que marca a quarta edi\u00e7\u00e3o do projeto Mulher de Valor, que homenageia a servidora dentro da atividade em que ela mais se destaca. Em outros anos, elas tiveram a oportunidade de mostrar seu talento na poesia, na literatura e at\u00e9 na solidariedade. Dessa vez, os dotes culin\u00e1rios foram eleitos como tema para uma nova edi\u00e7\u00e3o.<\/p>\n<p><strong>Leia tamb\u00e9m<br \/>\n<a href=\"https:\/\/jundiai.sp.gov.br\/noticias\/2013\/02\/campanha-de-inverno-sera-lancada-dia-4\/\" target=\"_blank\">Campanha de Inverno ser\u00e1 lan\u00e7ada dia (4)<\/a><\/strong><br \/>\n<a href=\"https:\/\/jundiai.sp.gov.br\/noticias\/2013\/02\/prefeitura-de-jundiai-cadastra-artesaos-da-cidade\/\" target=\"_blank\"><strong>Prefeitura de Jundia\u00ed cadastra artes\u00e3os da cidade<\/strong><\/a><\/p>\n<p>A exibi\u00e7\u00e3o do talento para criar pratos saborosos e atraentes j\u00e1 ocorreu, nos dias 26 e 27 de fevereiro, na cozinha experimental do Fundo Social de Solidariedade, quando uma comiss\u00e3o de jurados degustou os pratos apresentados para dar notas. Agora, computados os n\u00fameros, as 38 participantes aguardam ansiosas pelo dia da divulga\u00e7\u00e3o dos tr\u00eas escolhidos para receber uma premia\u00e7\u00e3o especial.<\/p>\n<div id=\"attachment_135610\" style=\"width: 730px\" class=\"wp-caption aligncenter\"><a href=\"https:\/\/jundiai.sp.gov.br\/noticias\/wp-content\/uploads\/sites\/32\/2013\/02\/concurso_culinaria_1_73G.jpg\"><img loading=\"lazy\" decoding=\"async\" aria-describedby=\"caption-attachment-135610\" src=\"https:\/\/jundiai.sp.gov.br\/noticias\/wp-content\/uploads\/sites\/32\/2013\/02\/concurso_culinaria_1_73G.jpg\" alt=\"Pratos foram preparados com muita dedica\u00e7\u00e3o\" width=\"720\" height=\"513\" class=\"size-full wp-image-135610\" srcset=\"https:\/\/jundiai.sp.gov.br\/noticias\/wp-content\/uploads\/sites\/32\/2013\/02\/concurso_culinaria_1_73G.jpg 1240w, https:\/\/jundiai.sp.gov.br\/noticias\/wp-content\/uploads\/sites\/32\/2013\/02\/concurso_culinaria_1_73G-300x213.jpg 300w, https:\/\/jundiai.sp.gov.br\/noticias\/wp-content\/uploads\/sites\/32\/2013\/02\/concurso_culinaria_1_73G-720x513.jpg 720w\" sizes=\"auto, (max-width: 720px) 100vw, 720px\" \/><\/a><p id=\"caption-attachment-135610\" class=\"wp-caption-text\">Pratos foram preparados com muita dedica\u00e7\u00e3o<\/p><\/div>\n<p>Mas a chefe da Divis\u00e3o de Servi\u00e7o Social e Benef\u00edcios da Secretaria de Recursos Humanos, Sivone Caetano Villela, j\u00e1 adianta que, resultados \u00e0 parte, o que elas mais aguardam \u00e9 a edi\u00e7\u00e3o do livreto especial com todas as receitas. \u201cS\u00f3 por essa oportunidade, todas mostraram satisfa\u00e7\u00e3o e alegria por terem participado\u201d, diz. E, segundo Sivone, n\u00e3o faltou criatividade e dedica\u00e7\u00e3o no preparo dos pratos.<\/p>\n<div id=\"attachment_135611\" style=\"width: 410px\" class=\"wp-caption alignleft\"><a href=\"https:\/\/jundiai.sp.gov.br\/noticias\/wp-content\/uploads\/sites\/32\/2013\/02\/concurso_culinaria_p_15G1.jpg\"><img loading=\"lazy\" decoding=\"async\" aria-describedby=\"caption-attachment-135611\" src=\"https:\/\/jundiai.sp.gov.br\/noticias\/wp-content\/uploads\/sites\/32\/2013\/02\/concurso_culinaria_p_15G1.jpg\" alt=\"Stella, Sivone e Ana Maria, assistentes sociais da Divis\u00e3o de Servi\u00e7o Social da SMRH\" width=\"400\" height=\"400\" class=\"size-full wp-image-135611\" \/><\/a><p id=\"caption-attachment-135611\" class=\"wp-caption-text\">Stella, Sivone e Ana Maria, assistentes sociais da Divis\u00e3o de Servi\u00e7o Social da SMRH<\/p><\/div>\n<p>A divulga\u00e7\u00e3o das vencedoras e a entrega da premia\u00e7\u00e3o \u2013 todas receber\u00e3o brindes \u2013 acontecem dia 8 de mar\u00e7o, \u00e0s 14h30, no audit\u00f3rio do Pa\u00e7o Municipal. Al\u00e9m das participantes, poder\u00e3o comparecer as chefias e outros servidores que quiserem acompanhar.<\/p>\n<p>E Sivone j\u00e1 agradece de antem\u00e3o \u00e0s chefias das servidoras que concorreram, pois elas tiveram todo o apoio para estar presente no dia da apresenta\u00e7\u00e3o dos pratos.<\/p>\n<p>\u201cFoi um evento com total integra\u00e7\u00e3o e agrade\u00e7o tamb\u00e9m \u00e0s demais assistentes sociais da SMRH, como a Stella Yhan e a Ana Maria Scatone Silva\u201d, concluiu.<\/p>\n<p><strong><em>Fotos: Paulo Gr\u00e9gio<\/em><\/strong><\/p>\n","protected":false},"excerpt":{"rendered":"<p>Evento marca a quarta edi\u00e7\u00e3o do bem-sucedido projeto Mulher de Valor, que destaca os talentos entre servidoras<\/p>\n","protected":false},"author":10,"featured_media":0,"comment_status":"closed","ping_status":"closed","sticky":false,"template":"","format":"standard","meta":{"footnotes":""},"categories":[2],"tags":[548],"ods":[],"class_list":["post-53659","post","type-post","status-publish","format-standard","hentry","category-noticias","tag-gestao-de-pessoas"],"_links":{"self":[{"href":"https:\/\/jundiai.sp.gov.br\/noticias\/wp-json\/wp\/v2\/posts\/53659","targetHints":{"allow":["GET"]}}],"collection":[{"href":"https:\/\/jundiai.sp.gov.br\/noticias\/wp-json\/wp\/v2\/posts"}],"about":[{"href":"https:\/\/jundiai.sp.gov.br\/noticias\/wp-json\/wp\/v2\/types\/post"}],"author":[{"embeddable":true,"href":"https:\/\/jundiai.sp.gov.br\/noticias\/wp-json\/wp\/v2\/users\/10"}],"replies":[{"embeddable":true,"href":"https:\/\/jundiai.sp.gov.br\/noticias\/wp-json\/wp\/v2\/comments?post=53659"}],"version-history":[{"count":3,"href":"https:\/\/jundiai.sp.gov.br\/noticias\/wp-json\/wp\/v2\/posts\/53659\/revisions"}],"predecessor-version":[{"id":135612,"href":"https:\/\/jundiai.sp.gov.br\/noticias\/wp-json\/wp\/v2\/posts\/53659\/revisions\/135612"}],"wp:attachment":[{"href":"https:\/\/jundiai.sp.gov.br\/noticias\/wp-json\/wp\/v2\/media?parent=53659"}],"wp:term":[{"taxonomy":"category","embeddable":true,"href":"https:\/\/jundiai.sp.gov.br\/noticias\/wp-json\/wp\/v2\/categories?post=53659"},{"taxonomy":"post_tag","embeddable":true,"href":"https:\/\/jundiai.sp.gov.br\/noticias\/wp-json\/wp\/v2\/tags?post=53659"},{"taxonomy":"ods","embeddable":true,"href":"https:\/\/jundiai.sp.gov.br\/noticias\/wp-json\/wp\/v2\/ods?post=53659"}],"curies":[{"name":"wp","href":"https:\/\/api.w.org\/{rel}","templated":true}]}}