{"id":53664,"date":"2013-02-28T16:37:41","date_gmt":"2013-02-28T19:37:41","guid":{"rendered":"https:\/\/jundiai.sp.gov.br\/noticias\/?p=53664"},"modified":"2016-11-04T13:17:08","modified_gmt":"2016-11-04T15:17:08","slug":"livro-coloca-preconceito-em-discussao","status":"publish","type":"post","link":"https:\/\/jundiai.sp.gov.br\/noticias\/2013\/02\/28\/livro-coloca-preconceito-em-discussao\/","title":{"rendered":"Livro coloca preconceito em discuss\u00e3o"},"content":{"rendered":"<p>O professor Jorge Alves de Oliveira lan\u00e7ou, na noite de quarta-feira (27), na Biblioteca Professor Nelson Foot, seu primeiro livro: \u2018Amantes da M\u00fasica e do Futebol &#8211; uma discuss\u00e3o \u00e9tnica afrobrasileira\u2019. O autor, que \u00e9 professor de Filosofia na Escola Estadual Jo\u00e3o Batista Curado, destacou que pretende levar o debate sobre o preconceito &#8211; levantado na obra &#8211; \u00e0s institui\u00e7\u00f5es de ensino. \u201cO objetivo \u00e9 que o livro se torne refer\u00eancia e seja levado \u00e0s salas de aula.\u201d<\/p>\n<p><strong>Leia tamb\u00e9m<\/strong><br \/>\n<a href=\"https:\/\/jundiai.sp.gov.br\/noticias\/2013\/02\/municipios-se-unem-para-acoes-de-preservacao-da-serra-do-japi\/\" target=\"_blank\"><strong>Munic\u00edpios se unem para a\u00e7\u00f5es de preserva\u00e7\u00e3o da Serra do Japi<\/strong><\/a><\/p>\n<div id=\"attachment_135604\" style=\"width: 410px\" class=\"wp-caption alignleft\"><a href=\"https:\/\/jundiai.sp.gov.br\/noticias\/wp-content\/uploads\/sites\/32\/2013\/02\/livro_futebol_musica_d0g1.jpg\"><img loading=\"lazy\" decoding=\"async\" aria-describedby=\"caption-attachment-135604\" src=\"https:\/\/jundiai.sp.gov.br\/noticias\/wp-content\/uploads\/sites\/32\/2013\/02\/livro_futebol_musica_d0g1.jpg\" alt=\"A proposta do professor de filosofia Jorge Alves \u00e9 levar discuss\u00e3o \u00e0s escolas\" width=\"400\" height=\"400\" class=\"size-full wp-image-135604\" \/><\/a><p id=\"caption-attachment-135604\" class=\"wp-caption-text\">A proposta do professor de filosofia Jorge Alves \u00e9 levar discuss\u00e3o \u00e0s escolas<\/p><\/div>\n<p>Para isso, ele explicou que a publica\u00e7\u00e3o tem anexos para professores de L\u00edngua Portuguesa, Artes, Educa\u00e7\u00e3o F\u00edsica e Filosofia. \u201cDessa forma, eles podem trabalhar as propostas da obra com os alunos.\u201d<\/p>\n<p>A diretora da biblioteca, Leila Regina Martins Casote, prestigiou o lan\u00e7amento e destacou que esse tipo de evento \u00e9 comum no espa\u00e7o. \u201cTodos os autores jundiaienses est\u00e3o convidados a lan\u00e7ar suas obras aqui. Nosso trabalho \u00e9 valorizar a leitura.\u201d<\/p>\n<p>O lan\u00e7amento do livro contou ainda com a presen\u00e7a de Vanderlei Victorino, respons\u00e1vel pela Coordenadoria <span style=\"color: #2f2f2f\">Especial de Pol\u00edticas P\u00fablicas para a Igualdade Racial, que elogiou a proposta de Jorge. \u201c\u00c9 importante levar a discuss\u00e3o com rela\u00e7\u00e3o ao preconceito a todos os lugares. E o autor faz isso muito bem\u201d, comentou, destacando que Jorge \u00e9 um parceiro da Coordenadoria. \u201cEle tem nos auxiliado muito em assuntos ligados \u00e0 educa\u00e7\u00e3o.\u201d<\/span><\/p>\n<div id=\"attachment_135605\" style=\"width: 410px\" class=\"wp-caption alignright\"><a href=\"https:\/\/jundiai.sp.gov.br\/noticias\/wp-content\/uploads\/sites\/32\/2013\/02\/livro_futebol_musica_d26g.jpg\"><img loading=\"lazy\" decoding=\"async\" aria-describedby=\"caption-attachment-135605\" src=\"https:\/\/jundiai.sp.gov.br\/noticias\/wp-content\/uploads\/sites\/32\/2013\/02\/livro_futebol_musica_d26g.jpg\" alt=\"Vanderlei Victorino e Celso Fontana prestigiaram o lan\u00e7amento\" width=\"400\" height=\"400\" class=\"size-full wp-image-135605\" \/><\/a><p id=\"caption-attachment-135605\" class=\"wp-caption-text\">Vanderlei Victorino e Celso Fontana prestigiaram o lan\u00e7amento<\/p><\/div>\n<p><span style=\"color: #2f2f2f\">Tamb\u00e9m esteve no evento Celso Fontana, do SOS Racismo, da Assembleia Legislativa. \u201cUma de nossas prioridades \u00e9 a divulga\u00e7\u00e3o da Lei 10.639, de 2003, que introduz o estudo da \u00c1frica e hist\u00f3ria afrobrasileira nas escolas. <\/span><\/p>\n<p>E o livro vem ao encontro dessa proposta.\u201d Para Celso, com a obra Jorge consegue levar a discuss\u00e3o da quest\u00e3o do negro brasileiro e do racismo a um importante p\u00fablico: os jovens estudantes. \u201cA linguagem \u00e9 simples. O autor acertou. Comp\u00f4s uma bela m\u00fasica e marcou um gol de placa.\u201d<\/p>\n<p><b>O livro<br \/>\n<\/b>O leitor encontra na obra a hist\u00f3ria de dois narradores, que falam sobre suas inf\u00e2ncias. A trama tem como pano de fundo um campeonato de futebol, no qual h\u00e1 uma banda, formada por alunos de uma escola. Na hist\u00f3ria surgem quest\u00f5es sobre preconceito, que s\u00e3o levadas \u00e0 discuss\u00e3o em uma escola.<\/p>\n<p><em><strong>Fotos: Dorival Pinheiro Filho<\/strong><\/em><\/p>\n","protected":false},"excerpt":{"rendered":"<p>&#8220;Amantes da M\u00fasica e do Futebol &#8211; uma discuss\u00e3o \u00e9tnica afrobrasileira&#8221; tem como objetivo tornar refer\u00eancia em salas de aula<\/p>\n","protected":false},"author":11,"featured_media":0,"comment_status":"closed","ping_status":"closed","sticky":false,"template":"","format":"standard","meta":{"footnotes":""},"categories":[2],"tags":[505],"ods":[],"class_list":["post-53664","post","type-post","status-publish","format-standard","hentry","category-noticias","tag-biblioteca-municipal-professor-nelson-foot"],"_links":{"self":[{"href":"https:\/\/jundiai.sp.gov.br\/noticias\/wp-json\/wp\/v2\/posts\/53664","targetHints":{"allow":["GET"]}}],"collection":[{"href":"https:\/\/jundiai.sp.gov.br\/noticias\/wp-json\/wp\/v2\/posts"}],"about":[{"href":"https:\/\/jundiai.sp.gov.br\/noticias\/wp-json\/wp\/v2\/types\/post"}],"author":[{"embeddable":true,"href":"https:\/\/jundiai.sp.gov.br\/noticias\/wp-json\/wp\/v2\/users\/11"}],"replies":[{"embeddable":true,"href":"https:\/\/jundiai.sp.gov.br\/noticias\/wp-json\/wp\/v2\/comments?post=53664"}],"version-history":[{"count":3,"href":"https:\/\/jundiai.sp.gov.br\/noticias\/wp-json\/wp\/v2\/posts\/53664\/revisions"}],"predecessor-version":[{"id":135607,"href":"https:\/\/jundiai.sp.gov.br\/noticias\/wp-json\/wp\/v2\/posts\/53664\/revisions\/135607"}],"wp:attachment":[{"href":"https:\/\/jundiai.sp.gov.br\/noticias\/wp-json\/wp\/v2\/media?parent=53664"}],"wp:term":[{"taxonomy":"category","embeddable":true,"href":"https:\/\/jundiai.sp.gov.br\/noticias\/wp-json\/wp\/v2\/categories?post=53664"},{"taxonomy":"post_tag","embeddable":true,"href":"https:\/\/jundiai.sp.gov.br\/noticias\/wp-json\/wp\/v2\/tags?post=53664"},{"taxonomy":"ods","embeddable":true,"href":"https:\/\/jundiai.sp.gov.br\/noticias\/wp-json\/wp\/v2\/ods?post=53664"}],"curies":[{"name":"wp","href":"https:\/\/api.w.org\/{rel}","templated":true}]}}