{"id":53916,"date":"2013-03-04T19:04:04","date_gmt":"2013-03-04T22:04:04","guid":{"rendered":"https:\/\/jundiai.sp.gov.br\/noticias\/?p=53916"},"modified":"2016-11-04T13:13:42","modified_gmt":"2016-11-04T15:13:42","slug":"coordenadoria-da-mulher-busca-parcerias-e-faz-visitas","status":"publish","type":"post","link":"https:\/\/jundiai.sp.gov.br\/noticias\/2013\/03\/04\/coordenadoria-da-mulher-busca-parcerias-e-faz-visitas\/","title":{"rendered":"Coordenadoria da Mulher busca parcerias e faz visitas"},"content":{"rendered":"<p>A respons\u00e1vel pela Coordenadoria de Pol\u00edticas P\u00fablicas da Mulher, M\u00f4nica Barranqueiros, visitou recentemente as Coordenadorias da Mulher de Sorocaba e de S\u00e3o Paulo. O motivo, segundo ela, foi conhecer o trabalho de cada espa\u00e7o. \u201cEstamos nos estruturando e as visitas s\u00e3o importantes para que possamos saber como funciona o trabalho em outros munic\u00edpios.\u201d<\/p>\n<div id=\"attachment_134771\" style=\"width: 410px\" class=\"wp-caption alignleft\"><a href=\"https:\/\/jundiai.sp.gov.br\/noticias\/wp-content\/uploads\/sites\/32\/2013\/03\/MONICABARRANQUEIROSg1.jpg\"><img loading=\"lazy\" decoding=\"async\" aria-describedby=\"caption-attachment-134771\" src=\"https:\/\/jundiai.sp.gov.br\/noticias\/wp-content\/uploads\/sites\/32\/2013\/03\/MONICABARRANQUEIROSg1.jpg\" alt=\"M\u00f4nica Barranqueiros e Denise Dau, da Coordenadoria de S\u00e3o Paulo\" width=\"400\" height=\"400\" class=\"size-full wp-image-134771\" \/><\/a><p id=\"caption-attachment-134771\" class=\"wp-caption-text\">M\u00f4nica Barranqueiros e Denise Dau, da Coordenadoria de S\u00e3o Paulo<\/p><\/div>\n<p>Para ela, \u00e9 importante ouvir sugest\u00f5es e buscar parcerias nesta fase. \u201cEstou muito feliz. J\u00e1 estamos atendendo mulheres na Coordenadoria. Aproveitamos cada conversa. Queremos realizar um trabalho importante na cidade.\u201d<\/p>\n<p>Ela explica que durante as visitas, p\u00f4de conhecer importantes a\u00e7\u00f5es. \u201cEm Sorocaba todos s\u00e3o muito organizados. Fazem um excelente trabalho n\u00e3o s\u00f3 com as mulheres v\u00edtimas de viol\u00eancia, mas tamb\u00e9m com os agressores.\u201d<\/p>\n<p>Em S\u00e3o Paulo, M\u00f4nica frisa que a Coordenadoria deve se tornar secretaria em breve. \u201cTive contato com a Denise Motta Dau, respons\u00e1vel pela Coordenadoria, em um evento organizado para as mulheres na Capital. Ela est\u00e1 muito feliz e tem muitos planos.\u201d<\/p>\n<p><strong><em>Foto: Divulga\u00e7\u00e3o<\/em><\/strong><\/p>\n","protected":false},"excerpt":{"rendered":"<p>Bons exemplos desenvolvidos em Sorocaba e S\u00e3o Paulo est\u00e3o servindo de exemplo para Jundia\u00ed  <\/p>\n","protected":false},"author":10,"featured_media":0,"comment_status":"closed","ping_status":"closed","sticky":false,"template":"","format":"standard","meta":{"footnotes":""},"categories":[2],"tags":[356],"ods":[],"class_list":["post-53916","post","type-post","status-publish","format-standard","hentry","category-noticias","tag-coordenadoria-de-politicas-publicas-para-as-mulheres"],"_links":{"self":[{"href":"https:\/\/jundiai.sp.gov.br\/noticias\/wp-json\/wp\/v2\/posts\/53916","targetHints":{"allow":["GET"]}}],"collection":[{"href":"https:\/\/jundiai.sp.gov.br\/noticias\/wp-json\/wp\/v2\/posts"}],"about":[{"href":"https:\/\/jundiai.sp.gov.br\/noticias\/wp-json\/wp\/v2\/types\/post"}],"author":[{"embeddable":true,"href":"https:\/\/jundiai.sp.gov.br\/noticias\/wp-json\/wp\/v2\/users\/10"}],"replies":[{"embeddable":true,"href":"https:\/\/jundiai.sp.gov.br\/noticias\/wp-json\/wp\/v2\/comments?post=53916"}],"version-history":[{"count":3,"href":"https:\/\/jundiai.sp.gov.br\/noticias\/wp-json\/wp\/v2\/posts\/53916\/revisions"}],"predecessor-version":[{"id":134773,"href":"https:\/\/jundiai.sp.gov.br\/noticias\/wp-json\/wp\/v2\/posts\/53916\/revisions\/134773"}],"wp:attachment":[{"href":"https:\/\/jundiai.sp.gov.br\/noticias\/wp-json\/wp\/v2\/media?parent=53916"}],"wp:term":[{"taxonomy":"category","embeddable":true,"href":"https:\/\/jundiai.sp.gov.br\/noticias\/wp-json\/wp\/v2\/categories?post=53916"},{"taxonomy":"post_tag","embeddable":true,"href":"https:\/\/jundiai.sp.gov.br\/noticias\/wp-json\/wp\/v2\/tags?post=53916"},{"taxonomy":"ods","embeddable":true,"href":"https:\/\/jundiai.sp.gov.br\/noticias\/wp-json\/wp\/v2\/ods?post=53916"}],"curies":[{"name":"wp","href":"https:\/\/api.w.org\/{rel}","templated":true}]}}