{"id":54006,"date":"2013-03-05T09:45:56","date_gmt":"2013-03-05T12:45:56","guid":{"rendered":"https:\/\/jundiai.sp.gov.br\/noticias\/?p=54006"},"modified":"2016-11-04T13:24:11","modified_gmt":"2016-11-04T15:24:11","slug":"secretario-orienta-permissionarios","status":"publish","type":"post","link":"https:\/\/jundiai.sp.gov.br\/noticias\/2013\/03\/05\/secretario-orienta-permissionarios\/","title":{"rendered":"Secret\u00e1rio orienta permission\u00e1rios da cidade"},"content":{"rendered":"<p>Os permission\u00e1rios dos programas \u2018Circuito das Frutas nos Terminais\u2019 e &#8216;Produtor na Pra\u00e7a&#8217; participaram, na tarde desta segunda-feira (4), de reuni\u00e3o com o secret\u00e1rio de Agricultura, Abastecimento e Turismo Rural, Marcos Brunholi.<\/p>\n<p><strong>Leia tamb\u00e9m<br \/>\n<a href=\"https:\/\/jundiai.sp.gov.br\/noticias\/2013\/03\/secretarios-apresentam-planejamento-estrategico\/\" target=\"_blank\">Secret\u00e1rios apresentam planejamento estrat\u00e9gico<\/a><\/strong><\/p>\n<p>Durante o encontro, informa\u00e7\u00f5es sobre qualidade dos produtos, higiene, limpeza das barracas, padroniza\u00e7\u00e3o de pre\u00e7os foram passadas aos produtores. Al\u00e9m disso, normas dos programas foram refor\u00e7adas e os permission\u00e1rios puderam tirar d\u00favidas e falar sobre as necessidades.<\/p>\n<div id=\"attachment_134754\" style=\"width: 410px\" class=\"wp-caption alignleft\"><a href=\"https:\/\/jundiai.sp.gov.br\/noticias\/wp-content\/uploads\/sites\/32\/2013\/03\/reuniao_brunholi_feirantes_p_0G1.jpg\"><img loading=\"lazy\" decoding=\"async\" aria-describedby=\"caption-attachment-134754\" src=\"https:\/\/jundiai.sp.gov.br\/noticias\/wp-content\/uploads\/sites\/32\/2013\/03\/reuniao_brunholi_feirantes_p_0G1.jpg\" alt=\"Normas dos programas foram refor\u00e7adas aos produtores\" width=\"400\" height=\"400\" class=\"size-full wp-image-134754\" \/><\/a><p id=\"caption-attachment-134754\" class=\"wp-caption-text\">Normas dos programas foram refor\u00e7adas aos produtores<\/p><\/div>\n<p>Tamb\u00e9m foi solicitado que todos entreguem, at\u00e9 o pr\u00f3ximo dia 15, o Atestado de Sa\u00fade Ocupacional do permission\u00e1rio e de todos os funcion\u00e1rios do ponto. Foi frisado ainda que a secretaria vai recolher, at\u00e9 o dia 5 de cada m\u00eas, um relat\u00f3rio com a quantidade de vendas mensal das frutas (chamado de romaneio).<\/p>\n<p>\u201c\u00c9 importante ter este contato para que todos trabalhem alinhados\u201d, destacou Brunholi. Para ele, a padroniza\u00e7\u00e3o dos pontos tem como prop\u00f3sito aumentar as vendas e melhorar as condi\u00e7\u00f5es de trabalho dos produtores. \u201cEstamos aqui para um bem comum. Trabalharemos para resolver tudo o que estiver ao nosso alcance.\u201d<\/p>\n<p>O secret\u00e1rio fez quest\u00e3o de frisar um problema comum ocorrido nos programas atualmente. \u201cNosso interesse \u00e9 tirar os atravessadores e colocar apenas frutas dos produtores de Jundia\u00ed. Em vistorias, j\u00e1 constatamos que existem produtos de um mesmo fornecedor em v\u00e1rias barracas do munic\u00edpio.\u201d<\/p>\n<p><strong>Colabora\u00e7\u00e3o<\/strong><br \/>\nBrunholi explicou que a exig\u00eancia da secretaria \u00e9 que o permission\u00e1rio tenha pelo menos tr\u00eas produtos da propriedade na banca. \u201cPor isso, pe\u00e7o a colabora\u00e7\u00e3o de todos para tirar os produtos de atravessadores de outras cidades dos pontos de Jundia\u00ed. Conversem, fa\u00e7am um interc\u00e2mbio. Os pontos existem para valorizar o agricultor da cidade.\u201d<\/p>\n<p>De acordo ele, o logotipo do Circuito das Frutas ser\u00e1 inclu\u00eddo nos jalecos. \u201c\u00c9 uma forma de identificar o programa e eliminar vendedores que v\u00eam de fora e trabalham sem autoriza\u00e7\u00e3o no munic\u00edpio.\u201d<\/p>\n<p>Hoje s\u00e3o nove permission\u00e1rios nos terminais e 22 do programa Produtor na Pra\u00e7a.<\/p>\n<p><strong><em>Foto: Paulo Gr\u00e9gio<\/em><\/strong><\/p>\n","protected":false},"excerpt":{"rendered":"<p>Informa\u00e7\u00f5es sobre qualidade e proced\u00eancia dos produtos, higiene e limpeza de barracas foram discutidas   <\/p>\n","protected":false},"author":10,"featured_media":0,"comment_status":"closed","ping_status":"closed","sticky":false,"template":"","format":"standard","meta":{"footnotes":""},"categories":[2],"tags":[41],"ods":[],"class_list":["post-54006","post","type-post","status-publish","format-standard","hentry","category-noticias","tag-agricultura-abastecimento-e-turismo"],"_links":{"self":[{"href":"https:\/\/jundiai.sp.gov.br\/noticias\/wp-json\/wp\/v2\/posts\/54006","targetHints":{"allow":["GET"]}}],"collection":[{"href":"https:\/\/jundiai.sp.gov.br\/noticias\/wp-json\/wp\/v2\/posts"}],"about":[{"href":"https:\/\/jundiai.sp.gov.br\/noticias\/wp-json\/wp\/v2\/types\/post"}],"author":[{"embeddable":true,"href":"https:\/\/jundiai.sp.gov.br\/noticias\/wp-json\/wp\/v2\/users\/10"}],"replies":[{"embeddable":true,"href":"https:\/\/jundiai.sp.gov.br\/noticias\/wp-json\/wp\/v2\/comments?post=54006"}],"version-history":[{"count":2,"href":"https:\/\/jundiai.sp.gov.br\/noticias\/wp-json\/wp\/v2\/posts\/54006\/revisions"}],"predecessor-version":[{"id":134755,"href":"https:\/\/jundiai.sp.gov.br\/noticias\/wp-json\/wp\/v2\/posts\/54006\/revisions\/134755"}],"wp:attachment":[{"href":"https:\/\/jundiai.sp.gov.br\/noticias\/wp-json\/wp\/v2\/media?parent=54006"}],"wp:term":[{"taxonomy":"category","embeddable":true,"href":"https:\/\/jundiai.sp.gov.br\/noticias\/wp-json\/wp\/v2\/categories?post=54006"},{"taxonomy":"post_tag","embeddable":true,"href":"https:\/\/jundiai.sp.gov.br\/noticias\/wp-json\/wp\/v2\/tags?post=54006"},{"taxonomy":"ods","embeddable":true,"href":"https:\/\/jundiai.sp.gov.br\/noticias\/wp-json\/wp\/v2\/ods?post=54006"}],"curies":[{"name":"wp","href":"https:\/\/api.w.org\/{rel}","templated":true}]}}