{"id":54045,"date":"2013-03-05T09:58:42","date_gmt":"2013-03-05T12:58:42","guid":{"rendered":"https:\/\/jundiai.sp.gov.br\/noticias\/?p=54045"},"modified":"2016-11-04T13:24:06","modified_gmt":"2016-11-04T15:24:06","slug":"secretarias-recebem-tecnicos-em-campanha","status":"publish","type":"post","link":"https:\/\/jundiai.sp.gov.br\/noticias\/2013\/03\/05\/secretarias-recebem-tecnicos-em-campanha\/","title":{"rendered":"Secretarias recebem t\u00e9cnicos em campanha"},"content":{"rendered":"<p><span style=\"color: #2f2f2f\">Um grupo de representantes dos t\u00e9cnicos de enfermagem, agentes comunit\u00e1rios de sa\u00fade e auxiliares odontol\u00f3gicos conversou nesta segunda-feira (04) com o secret\u00e1rio de Sa\u00fade, Cl\u00e1udio Miranda e a secret\u00e1ria de Recursos Humanos, Mary Fornari Marinho, sobre a defasagem salarial dessas categorias e saiu do Pa\u00e7o com o compromisso de mudan\u00e7as.<\/span><\/p>\n<p><strong><span style=\"color: #2f2f2f\">Leia tamb\u00e9m<\/span><br \/>\n<a href=\"https:\/\/jundiai.sp.gov.br\/noticias\/2013\/03\/secretario-orienta-permissionarios\/\" target=\"_blank\">Secret\u00e1rio orienta permission\u00e1rios da cidade<\/a><\/strong><\/p>\n<div id=\"attachment_134744\" style=\"width: 410px\" class=\"wp-caption alignleft\"><a href=\"https:\/\/jundiai.sp.gov.br\/noticias\/wp-content\/uploads\/sites\/32\/2013\/03\/protesto_saude_d15g1.jpg\"><img loading=\"lazy\" decoding=\"async\" aria-describedby=\"caption-attachment-134744\" src=\"https:\/\/jundiai.sp.gov.br\/noticias\/wp-content\/uploads\/sites\/32\/2013\/03\/protesto_saude_d15g1.jpg\" alt=\"Compromisso assumido para superar injusti\u00e7as cometidas no passado\" width=\"400\" height=\"400\" class=\"size-full wp-image-134744\" \/><\/a><p id=\"caption-attachment-134744\" class=\"wp-caption-text\">Compromisso assumido para superar injusti\u00e7as cometidas no passado<\/p><\/div>\n<p><span style=\"color: #2f2f2f\"> <\/span><br \/>\n<span style=\"color: #2f2f2f\">\u201cN\u00e3o podemos negociar em separado com esses grupos, porque em apenas dois meses de governo percebemos injusti\u00e7as tamb\u00e9m com outras categorias e est\u00e3o sendo analisadas em conjunto\u201d, afirma o secret\u00e1rio.<\/span><br \/>\n\u201cEscutamos os servidores, abrimos di\u00e1logo e vamos com outras secretarias procurar a solu\u00e7\u00e3o. Estamos empenhados em resolver esta antiga reivindica\u00e7\u00e3o\u201d, explica Mary.<\/p>\n<p><span style=\"color: #2f2f2f\">Lembrando que a campanha salarial segue at\u00e9 a data-base de 1\u00ba de maio, ele descreveu o estudo do reajuste salarial correndo em paralelo com o estudo de corre\u00e7\u00e3o desses casos. \u201cAinda n\u00e3o podemos dizer como vai ser feito o escalonamento disso em prazos, mas h\u00e1 o compromisso de todo o governo do prefeito Pedro Bigardi\u201d, explica Claudio Miranda. O desenho final vai depender das an\u00e1lises de uma comiss\u00e3o que representar\u00e1 o Governo Municipal e ser\u00e1 em breve apresentada.<\/span><\/p>\n<p><span style=\"color: #2f2f2f\">Alguns profissionais do setor comentaram que a administra\u00e7\u00e3o municipal iniciada h\u00e1 2 meses conta com confian\u00e7a do grupo para superar problemas existentes h\u00e1 muitos anos.<\/span><\/p>\n<p><span style=\"color: #2f2f2f\">\u201cH\u00e1 um compromisso de todos com esse tema. Agora estamos trabalhando para definir o caminho que ser\u00e1 seguido para superar essas injusti\u00e7as\u201d, diz o secret\u00e1rio.<\/span><\/p>\n<p><em><strong>Fotos: Dorival Pinheiro Filho<\/strong><\/em><\/p>\n","protected":false},"excerpt":{"rendered":"<p>Representantes comentaram sobre defasagem salarial da categoria; di\u00e1logo resultou em compromisso de mudan\u00e7as<\/p>\n","protected":false},"author":11,"featured_media":0,"comment_status":"closed","ping_status":"closed","sticky":false,"template":"","format":"standard","meta":{"footnotes":""},"categories":[2],"tags":[3],"ods":[],"class_list":["post-54045","post","type-post","status-publish","format-standard","hentry","category-noticias","tag-saude"],"_links":{"self":[{"href":"https:\/\/jundiai.sp.gov.br\/noticias\/wp-json\/wp\/v2\/posts\/54045","targetHints":{"allow":["GET"]}}],"collection":[{"href":"https:\/\/jundiai.sp.gov.br\/noticias\/wp-json\/wp\/v2\/posts"}],"about":[{"href":"https:\/\/jundiai.sp.gov.br\/noticias\/wp-json\/wp\/v2\/types\/post"}],"author":[{"embeddable":true,"href":"https:\/\/jundiai.sp.gov.br\/noticias\/wp-json\/wp\/v2\/users\/11"}],"replies":[{"embeddable":true,"href":"https:\/\/jundiai.sp.gov.br\/noticias\/wp-json\/wp\/v2\/comments?post=54045"}],"version-history":[{"count":2,"href":"https:\/\/jundiai.sp.gov.br\/noticias\/wp-json\/wp\/v2\/posts\/54045\/revisions"}],"predecessor-version":[{"id":134747,"href":"https:\/\/jundiai.sp.gov.br\/noticias\/wp-json\/wp\/v2\/posts\/54045\/revisions\/134747"}],"wp:attachment":[{"href":"https:\/\/jundiai.sp.gov.br\/noticias\/wp-json\/wp\/v2\/media?parent=54045"}],"wp:term":[{"taxonomy":"category","embeddable":true,"href":"https:\/\/jundiai.sp.gov.br\/noticias\/wp-json\/wp\/v2\/categories?post=54045"},{"taxonomy":"post_tag","embeddable":true,"href":"https:\/\/jundiai.sp.gov.br\/noticias\/wp-json\/wp\/v2\/tags?post=54045"},{"taxonomy":"ods","embeddable":true,"href":"https:\/\/jundiai.sp.gov.br\/noticias\/wp-json\/wp\/v2\/ods?post=54045"}],"curies":[{"name":"wp","href":"https:\/\/api.w.org\/{rel}","templated":true}]}}