{"id":54383,"date":"2013-03-06T18:19:51","date_gmt":"2013-03-06T21:19:51","guid":{"rendered":"https:\/\/jundiai.sp.gov.br\/noticias\/?p=54383"},"modified":"2016-11-04T13:24:10","modified_gmt":"2016-11-04T15:24:10","slug":"secretario-faz-reuniao-com-agricultores-do-bom-jardim","status":"publish","type":"post","link":"https:\/\/jundiai.sp.gov.br\/noticias\/2013\/03\/06\/secretario-faz-reuniao-com-agricultores-do-bom-jardim\/","title":{"rendered":"Secret\u00e1rio faz reuni\u00e3o com agricultores do Bom Jardim"},"content":{"rendered":"<p>A Secretaria Municipal de Agricultura, Abastecimento e Turismo Rural iniciou nesta semana uma s\u00e9rie de reuni\u00f5es com os produtores rurais da cidade. O objetivo \u00e9 apresentar a nova administra\u00e7\u00e3o, refor\u00e7ar as a\u00e7\u00f5es oferecidas pela secretaria e tamb\u00e9m ouvir as reivindica\u00e7\u00f5es e demandas dos agricultores.<\/p>\n<p><strong>Leia tamb\u00e9m<br \/>\n<a href=\"https:\/\/jundiai.sp.gov.br\/noticias\/2013\/03\/alterada-data-para-reuniao-da-aglomeracao-urbana-de-jundiai\/\" target=\"_blank\">Alterada data para reuni\u00e3o da Aglomera\u00e7\u00e3o Urbana de Jundia\u00ed<\/a><\/strong><\/p>\n<div id=\"attachment_134268\" style=\"width: 410px\" class=\"wp-caption alignleft\"><a href=\"https:\/\/jundiai.sp.gov.br\/noticias\/wp-content\/uploads\/sites\/32\/2013\/03\/brunholi_bom_jardim_d17g1.jpg\"><img loading=\"lazy\" decoding=\"async\" aria-describedby=\"caption-attachment-134268\" src=\"https:\/\/jundiai.sp.gov.br\/noticias\/wp-content\/uploads\/sites\/32\/2013\/03\/brunholi_bom_jardim_d17g1.jpg\" alt=\"A reuni\u00e3o foi realizada no sal\u00e3o da igreja do bairro Bom Jardim\" width=\"400\" height=\"400\" class=\"size-full wp-image-134268\" \/><\/a><p id=\"caption-attachment-134268\" class=\"wp-caption-text\">A reuni\u00e3o foi realizada no sal\u00e3o da igreja do bairro Bom Jardim<\/p><\/div>\n<p>O primeiro encontrou foi realizado na noite desta ter\u00e7a-feira (05) com produtores da regi\u00e3o do bairro Bom Jardim. A pr\u00f3xima reuni\u00e3o est\u00e1 marcada para o dia (12), no bairro S\u00e3o Jos\u00e9. \u201cVamos visitar todas as regi\u00f5es onde h\u00e1 concentra\u00e7\u00e3o de produtores rurais\u201d, afirma a diretora de Agricultura, Marcella Filipini. Est\u00e3o na lista ainda os bairros Caxambu e Medeiros, mas as datas n\u00e3o foram definidas.<\/p>\n<p>Conforme explica Marcella, o principal motivo das reuni\u00f5es \u00e9 aproximar o Poder Executivo local dos produtores rurais. \u201cNesta primeira reuni\u00e3o participaram apenas 17 agricultores. Queremos melhorar esta proximidade entre os produtores e a Prefeitura\u201d, avalia a diretora.<\/p>\n<p>Durante a reuni\u00e3o, o secret\u00e1rio de Agricultura, Marcos Brunholi, apresentou os projetos dispon\u00edveis atualmente, como a an\u00e1lise de solo, o atendimento do Incra e as miss\u00f5es t\u00e9cnicas organizadas pela secretaria. Brunholi falou ainda dos projetos novos, que devem come\u00e7ar a funcionar em breve, como as an\u00e1lises foliar e de \u00e1gua.<\/p>\n<p><b>Estradas<br \/>\n<\/b>O secret\u00e1rio e a diretora de Agricultura tamb\u00e9m ouviram as demandas dos produtores. A principal reivindica\u00e7\u00e3o \u00e9 a falta de conserva\u00e7\u00e3o das estradas rurais h\u00e1 muito tempo na regi\u00e3o do Bom Jardim. \u201cJ\u00e1 falei com o pessoal da Secretaria de Servi\u00e7os P\u00fablicos e passei a reclama\u00e7\u00e3o, os nomes das estradas. A ideia \u00e9 essa, assessorar os produtores, ajud\u00e1-los a melhorar as condi\u00e7\u00f5es de trabalho\u201d, destaca Marcella.<\/p>\n<p>Os produtores do Bom Jardim tamb\u00e9m pediram \u00e0 secretaria informa\u00e7\u00f5es sobre os procedimentos para montar uma cooperativa. \u201cA gente sentiu que h\u00e1 uma car\u00eancia de informa\u00e7\u00e3o e os agricultores sentem falta de orienta\u00e7\u00e3o, de assist\u00eancia t\u00e9cnica. Queremos quebrar essa barreira e nos aproximar dos produtores. A opini\u00e3o deles \u00e9 importante tamb\u00e9m, queremos ouvi-los.\u201d<\/p>\n<p><em><strong>Fotos: Dorival Pinheiro Filho<\/strong><\/em><\/p>\n","protected":false},"excerpt":{"rendered":"<p>O objetivo do encontro \u00e9 refor\u00e7ar as a\u00e7\u00f5es e tamb\u00e9m ouvir as reivindica\u00e7\u00f5es e demandas dos agricultores<\/p>\n","protected":false},"author":11,"featured_media":0,"comment_status":"closed","ping_status":"closed","sticky":false,"template":"","format":"standard","meta":{"footnotes":""},"categories":[2],"tags":[41],"ods":[],"class_list":["post-54383","post","type-post","status-publish","format-standard","hentry","category-noticias","tag-agricultura-abastecimento-e-turismo"],"_links":{"self":[{"href":"https:\/\/jundiai.sp.gov.br\/noticias\/wp-json\/wp\/v2\/posts\/54383","targetHints":{"allow":["GET"]}}],"collection":[{"href":"https:\/\/jundiai.sp.gov.br\/noticias\/wp-json\/wp\/v2\/posts"}],"about":[{"href":"https:\/\/jundiai.sp.gov.br\/noticias\/wp-json\/wp\/v2\/types\/post"}],"author":[{"embeddable":true,"href":"https:\/\/jundiai.sp.gov.br\/noticias\/wp-json\/wp\/v2\/users\/11"}],"replies":[{"embeddable":true,"href":"https:\/\/jundiai.sp.gov.br\/noticias\/wp-json\/wp\/v2\/comments?post=54383"}],"version-history":[{"count":2,"href":"https:\/\/jundiai.sp.gov.br\/noticias\/wp-json\/wp\/v2\/posts\/54383\/revisions"}],"predecessor-version":[{"id":134269,"href":"https:\/\/jundiai.sp.gov.br\/noticias\/wp-json\/wp\/v2\/posts\/54383\/revisions\/134269"}],"wp:attachment":[{"href":"https:\/\/jundiai.sp.gov.br\/noticias\/wp-json\/wp\/v2\/media?parent=54383"}],"wp:term":[{"taxonomy":"category","embeddable":true,"href":"https:\/\/jundiai.sp.gov.br\/noticias\/wp-json\/wp\/v2\/categories?post=54383"},{"taxonomy":"post_tag","embeddable":true,"href":"https:\/\/jundiai.sp.gov.br\/noticias\/wp-json\/wp\/v2\/tags?post=54383"},{"taxonomy":"ods","embeddable":true,"href":"https:\/\/jundiai.sp.gov.br\/noticias\/wp-json\/wp\/v2\/ods?post=54383"}],"curies":[{"name":"wp","href":"https:\/\/api.w.org\/{rel}","templated":true}]}}