{"id":54479,"date":"2013-03-07T17:37:40","date_gmt":"2013-03-07T20:37:40","guid":{"rendered":"https:\/\/jundiai.sp.gov.br\/noticias\/?p=54479"},"modified":"2016-11-04T13:12:55","modified_gmt":"2016-11-04T15:12:55","slug":"comissao-de-feira-livre-faz-primeira-reuniao-do-ano","status":"publish","type":"post","link":"https:\/\/jundiai.sp.gov.br\/noticias\/2013\/03\/07\/comissao-de-feira-livre-faz-primeira-reuniao-do-ano\/","title":{"rendered":"Comiss\u00e3o de Feira Livre faz primeira reuni\u00e3o do ano"},"content":{"rendered":"<p>Os integrantes da Comiss\u00e3o de Feira Livre da cidade \u2013 formada pelo Sindicato dos Feirantes, Associa\u00e7\u00e3o Jundiaiense de Feirantes e Varejistas e Prefeitura de Jundia\u00ed \u2013 reuniram-se na quarta-feira (06), na Secretaria Municipal de Agricultura, Abastecimento e Turismo Rural. Foi a primeira reuni\u00e3o do ano e com a participa\u00e7\u00e3o da nova administra\u00e7\u00e3o.<\/p>\n<p><strong>Leia tamb\u00e9m<br \/>\n<a href=\"https:\/\/jundiai.sp.gov.br\/noticias\/2013\/03\/motofretistas-participam-de-reuniao-com-secretaria-de-transportes\/\" target=\"_blank\">Motofretistas participam de reuni\u00e3o com Transportes<\/a><br \/>\n<\/strong><\/p>\n<div id=\"attachment_134246\" style=\"width: 410px\" class=\"wp-caption alignleft\"><a href=\"https:\/\/jundiai.sp.gov.br\/noticias\/wp-content\/uploads\/sites\/32\/2013\/03\/secretarias_feirantes_d6g1.jpg\"><img loading=\"lazy\" decoding=\"async\" aria-describedby=\"caption-attachment-134246\" src=\"https:\/\/jundiai.sp.gov.br\/noticias\/wp-content\/uploads\/sites\/32\/2013\/03\/secretarias_feirantes_d6g1.jpg\" alt=\"Integrantes da comiss\u00e3o e representantes de secretarias e da Guarda Municipal\" width=\"400\" height=\"400\" class=\"size-full wp-image-134246\" \/><\/a><p id=\"caption-attachment-134246\" class=\"wp-caption-text\">Integrantes da comiss\u00e3o e representantes de secretarias e da Guarda Municipal<\/p><\/div>\n<p>O secret\u00e1rio de Agricultura, Marcos Brunholi, aproveitou o encontro para destacar as diretrizes da nova gest\u00e3o e disse que o prefeito Pedro Bigardi pediu a ele para dar mais aten\u00e7\u00e3o e apoio ao setor.<\/p>\n<p>\u201cAntes de tudo, estamos pedindo para os feirantes se unirem. Apesar de haver duas entidades representativas da classe, estamos vendo que n\u00e3o h\u00e1 uma afinidade entre a associa\u00e7\u00e3o e o sindicato. Nosso maior desafio, em primeiro lugar, \u00e9 unir o setor\u201d, disse o secret\u00e1rio, destacando que a Secretaria est\u00e1 do lado de todos. \u201cN\u00e3o adiantar fazer selo de qualidade, nada, se n\u00e3o houver uni\u00e3o.\u201d<\/p>\n<p>Al\u00e9m dos integrantes da comiss\u00e3o, participaram da reuni\u00e3o representantes das Secretarias de Transportes e Servi\u00e7os P\u00fablicos, da Fiscaliza\u00e7\u00e3o do Com\u00e9rcio e da Guarda Municipal.<\/p>\n<p>Uma das principais demandas dos feirantes atualmente \u00e9 com rela\u00e7\u00e3o \u00e0 limpeza das vias p\u00fablicas onde s\u00e3o realizadas as feiras. A Secretaria de Servi\u00e7os P\u00fablicos explicou que tem ci\u00eancia do problema, que atinge a cidade toda, e que est\u00e1 seguindo um cronograma de trabalho.<\/p>\n<p><b>Vianelo<br \/>\n<\/b>Brunholi disse ainda que uma das prioridades da Secretaria \u00e9 a mudan\u00e7a de local da feira do Vianelo, que \u00e9 alvo de muitas reclama\u00e7\u00f5es. \u201cAt\u00e9 a semana que vem devemos ter um projeto do novo local. A previs\u00e3o \u00e9 que no segundo semestre deste ano a feira j\u00e1 esteja em novo endere\u00e7o\u201d, afirmou.<\/p>\n<p>Outra demanda \u00e9 em rela\u00e7\u00e3o aos banheiros. \u201cEstamos fazendo um projeto para constru\u00e7\u00e3o de banheiro p\u00fablico nos locais de feiras livres, mas isso deve demorar um pouco mais, talvez no ano que vem. Algumas feiras t\u00eam local para a constru\u00e7\u00e3o, outras n\u00e3o\u201d, explica o secret\u00e1rio. Atualmente, a cidade conta com 200 feirantes, em 13 feiras livres e 16 varej\u00f5es.<\/p>\n<p><em><strong>Fotos: Dorival Pinheiro Filho<\/strong><\/em><\/p>\n","protected":false},"excerpt":{"rendered":"<p>Principal demanda dos feirantes \u00e9 com rela\u00e7\u00e3o \u00e0 limpeza das vias p\u00fablicas onde s\u00e3o realizadas as feiras<\/p>\n","protected":false},"author":11,"featured_media":0,"comment_status":"closed","ping_status":"closed","sticky":false,"template":"","format":"standard","meta":{"footnotes":""},"categories":[2],"tags":[41,77,31],"ods":[],"class_list":["post-54479","post","type-post","status-publish","format-standard","hentry","category-noticias","tag-agricultura-abastecimento-e-turismo","tag-fiscalizacao-do-comercio","tag-guarda-municipal"],"_links":{"self":[{"href":"https:\/\/jundiai.sp.gov.br\/noticias\/wp-json\/wp\/v2\/posts\/54479","targetHints":{"allow":["GET"]}}],"collection":[{"href":"https:\/\/jundiai.sp.gov.br\/noticias\/wp-json\/wp\/v2\/posts"}],"about":[{"href":"https:\/\/jundiai.sp.gov.br\/noticias\/wp-json\/wp\/v2\/types\/post"}],"author":[{"embeddable":true,"href":"https:\/\/jundiai.sp.gov.br\/noticias\/wp-json\/wp\/v2\/users\/11"}],"replies":[{"embeddable":true,"href":"https:\/\/jundiai.sp.gov.br\/noticias\/wp-json\/wp\/v2\/comments?post=54479"}],"version-history":[{"count":2,"href":"https:\/\/jundiai.sp.gov.br\/noticias\/wp-json\/wp\/v2\/posts\/54479\/revisions"}],"predecessor-version":[{"id":134247,"href":"https:\/\/jundiai.sp.gov.br\/noticias\/wp-json\/wp\/v2\/posts\/54479\/revisions\/134247"}],"wp:attachment":[{"href":"https:\/\/jundiai.sp.gov.br\/noticias\/wp-json\/wp\/v2\/media?parent=54479"}],"wp:term":[{"taxonomy":"category","embeddable":true,"href":"https:\/\/jundiai.sp.gov.br\/noticias\/wp-json\/wp\/v2\/categories?post=54479"},{"taxonomy":"post_tag","embeddable":true,"href":"https:\/\/jundiai.sp.gov.br\/noticias\/wp-json\/wp\/v2\/tags?post=54479"},{"taxonomy":"ods","embeddable":true,"href":"https:\/\/jundiai.sp.gov.br\/noticias\/wp-json\/wp\/v2\/ods?post=54479"}],"curies":[{"name":"wp","href":"https:\/\/api.w.org\/{rel}","templated":true}]}}