{"id":54522,"date":"2013-03-08T10:08:43","date_gmt":"2013-03-08T13:08:43","guid":{"rendered":"https:\/\/jundiai.sp.gov.br\/noticias\/?p=54522"},"modified":"2016-11-04T13:25:22","modified_gmt":"2016-11-04T15:25:22","slug":"ubss-celebram-o-dia-da-mulher-neste-8-de-marco","status":"publish","type":"post","link":"https:\/\/jundiai.sp.gov.br\/noticias\/2013\/03\/08\/ubss-celebram-o-dia-da-mulher-neste-8-de-marco\/","title":{"rendered":"UBSs celebram o Dia da Mulher neste 8 de mar\u00e7o"},"content":{"rendered":"<p>A UBS (Unidade B\u00e1sica de Sa\u00fade) do Eloy Chaves promove nesta sexta-feira (8) uma s\u00e9rie de atividades voltadas para os cuidados preventivos das mulheres, com sorteio de brindes, como limpeza de pele e cortes de cabelo, doados por com\u00e9rcios do bairro. O tema aproveita a chegada do Dia Internacional da Mulher para atrair grande n\u00famero de moradoras.<\/p>\n<p><strong>Leia tamb\u00e9m<br \/>\n<a href=\"https:\/\/jundiai.sp.gov.br\/noticias\/2013\/03\/servidoras-recebem-homenagem-no-paco\/\" target=\"_blank\">Servidoras recebem homenagem no Pa\u00e7o<\/a><\/strong><\/p>\n<p>\u201cPassamos a mensagem de que pelo menos uma vez ao ano \u00e9 importante procurar uma Unidade de Sa\u00fade e realizar os exames preventivos como o Papanicolau e a Mamografia. S\u00e3o doen\u00e7as que, encontradas logo no come\u00e7o, apresentam altos \u00edndices de cura\u201d, explica a enfermeira Priscila Rossi.<\/p>\n<p>Com 23 mil cadastrados, a UBS Eloy Chaves abrange tamb\u00e9m \u00e1reas como Jardim Ermida, Jardim Tannus, Aeroporto, Caic (Agron\u00f4mico), Ecovillage e Fazenda Ermida. A unidade fica na avenida Benedito Castilho de Andrade, 1.131, ao lado da Par\u00f3quia S\u00e3o Jo\u00e3o Bosco e tamb\u00e9m do Parque Bot\u00e2nico.<\/p>\n<p><strong>Corrupira<\/strong><br \/>\nA unidade de sa\u00fade do Corrupira tamb\u00e9m realiza nesta sexta (8) um dia especial, com caf\u00e9 da manh\u00e3 e uma tarde com oficinas de higieniza\u00e7\u00e3o e massagem facial com t\u00e9cnicos do Senac (Servi\u00e7o Nacional de Aprendizagem Comercial).<\/p>\n<p>\u201cTivemos uma aceita\u00e7\u00e3o muito grande da parceria com a comunidade\u201d, explica a enfermeira-chefe Carolina de Azevedo.<\/p>\n<p>Das 8h30 \u00e0s 16h, a UBS Corrupira vai sortear kits de maquiagem, hidratantes, perfumes, cortes de cabelo e at\u00e9 dias de beleza. Os \u201cpr\u00eamios\u201d foram doados por lojas, sal\u00f5es e moradores do bairro. O caf\u00e9 da manh\u00e3 foi viabilizado por mercadinhos locais.<\/p>\n<p>A mobiliza\u00e7\u00e3o e o convite no bairro foram feitos pelos agentes do PACS (Programa de Agentes Comunit\u00e1rios de Sa\u00fade) da unidade, que fica na rua Jo\u00e3o Augusto Cruz, 50, perto do bairro dos Fernandes.<\/p>\n","protected":false},"excerpt":{"rendered":"<p>Cortes de cabelo, dicas de maquiagem, higiene \u00edntima e outras atividades marcam a data; saiba mais<\/p>\n","protected":false},"author":10,"featured_media":0,"comment_status":"closed","ping_status":"closed","sticky":false,"template":"","format":"standard","meta":{"footnotes":""},"categories":[2],"tags":[3],"ods":[],"class_list":["post-54522","post","type-post","status-publish","format-standard","hentry","category-noticias","tag-saude"],"_links":{"self":[{"href":"https:\/\/jundiai.sp.gov.br\/noticias\/wp-json\/wp\/v2\/posts\/54522","targetHints":{"allow":["GET"]}}],"collection":[{"href":"https:\/\/jundiai.sp.gov.br\/noticias\/wp-json\/wp\/v2\/posts"}],"about":[{"href":"https:\/\/jundiai.sp.gov.br\/noticias\/wp-json\/wp\/v2\/types\/post"}],"author":[{"embeddable":true,"href":"https:\/\/jundiai.sp.gov.br\/noticias\/wp-json\/wp\/v2\/users\/10"}],"replies":[{"embeddable":true,"href":"https:\/\/jundiai.sp.gov.br\/noticias\/wp-json\/wp\/v2\/comments?post=54522"}],"version-history":[{"count":1,"href":"https:\/\/jundiai.sp.gov.br\/noticias\/wp-json\/wp\/v2\/posts\/54522\/revisions"}],"predecessor-version":[{"id":181455,"href":"https:\/\/jundiai.sp.gov.br\/noticias\/wp-json\/wp\/v2\/posts\/54522\/revisions\/181455"}],"wp:attachment":[{"href":"https:\/\/jundiai.sp.gov.br\/noticias\/wp-json\/wp\/v2\/media?parent=54522"}],"wp:term":[{"taxonomy":"category","embeddable":true,"href":"https:\/\/jundiai.sp.gov.br\/noticias\/wp-json\/wp\/v2\/categories?post=54522"},{"taxonomy":"post_tag","embeddable":true,"href":"https:\/\/jundiai.sp.gov.br\/noticias\/wp-json\/wp\/v2\/tags?post=54522"},{"taxonomy":"ods","embeddable":true,"href":"https:\/\/jundiai.sp.gov.br\/noticias\/wp-json\/wp\/v2\/ods?post=54522"}],"curies":[{"name":"wp","href":"https:\/\/api.w.org\/{rel}","templated":true}]}}