{"id":54627,"date":"2013-03-09T01:10:41","date_gmt":"2013-03-09T04:10:41","guid":{"rendered":"https:\/\/jundiai.sp.gov.br\/noticias\/?p=54627"},"modified":"2016-11-04T13:17:14","modified_gmt":"2016-11-04T15:17:14","slug":"missao-de-novos-gestores-e-transformar-o-sao-vicente-num-hospital-mais-humano","status":"publish","type":"post","link":"https:\/\/jundiai.sp.gov.br\/noticias\/2013\/03\/09\/missao-de-novos-gestores-e-transformar-o-sao-vicente-num-hospital-mais-humano\/","title":{"rendered":"Miss\u00e3o de novos gestores \u00e9 transformar o S\u00e3o Vicente"},"content":{"rendered":"<p><strong><a href=\"http:\/\/www.flickr.com\/photos\/prefeituradejundiai\/sets\/72157632948029235\/\" target=\"_blank\">As imagens registradas pela lente da m\u00e1quina fotogr\u00e1fica n\u00e3o deixam d\u00favida<\/a><\/strong>: o cen\u00e1rio remete a um filme de terror. Arm\u00e1rios de a\u00e7o completamente enferrujados, amassados, sem porta. Sof\u00e1s rasgados e cadeiras sem encosto num local apertado serviam como espa\u00e7o de descanso (chamado de \u2018conforto\u2019) para os funcion\u00e1rios.<\/p>\n<p><a href=\"http:\/\/www.flickr.com\/photos\/prefeituradejundiai\/sets\/72157632948029235\/\" target=\"_blank\"><strong>Confira as fotos no Flickr!<\/strong><\/a><\/p>\n<p>O elevador, verdadeira pe\u00e7a de antiguidade, foi v\u00edtima da decep\u00e7\u00e3o daqueles que trabalham dia e noite para salvar vidas: foi pichado com uma &#8220;brincadeira&#8221; que faz lembrar h\u00e1 quantos anos aquele pr\u00e9dio n\u00e3o recebe melhorias. Enfim, o Hospital de Caridade S\u00e3o Vicente de Paulo \u2013 o maior da regi\u00e3o \u2013 est\u00e1 sucateado e precisa urgentemente de uma condi\u00e7\u00e3o melhor e mais digna. O cora\u00e7\u00e3o da sa\u00fade jundiaiense, sobrecarregado h\u00e1 muitos anos, ter\u00e1 agora motivo para voltar a bater forte: a nova gest\u00e3o administrativa contratada em regime praticamente de urg\u00eancia pela Secretaria de Sa\u00fade ser\u00e1 respons\u00e1vel pela novo formato do HSV.<\/p>\n<p><strong>Leia tamb\u00e9m<br \/>\n<a href=\"https:\/\/jundiai.sp.gov.br\/noticias\/2013\/03\/secretario-discute-mudancas-nos-pas-da-ponte-e-retiro\/\" target=\"_blank\">Secret\u00e1rio discute mudan\u00e7as nos PAs da Ponte e Retiro<\/a><\/strong><br \/>\n<a href=\"https:\/\/jundiai.sp.gov.br\/noticias\/2013\/03\/hospital-sao-vicente-deixa-de-ser-terceirizado\/\" target=\"_blank\"><strong>Hospital S\u00e3o Vicente deixa de ser terceirizado<\/strong><\/a><br \/>\n<a href=\"https:\/\/jundiai.sp.gov.br\/noticias\/2013\/03\/secretaria-de-saude-muda-gestao-do-hospital-sao-vicente\/\" target=\"_blank\"><strong>Secretaria muda gest\u00e3o do Hospital S\u00e3o Vicente<\/strong><\/a><\/p>\n<p>\u201cDiante de tudo o que vimos, n\u00e3o pod\u00edamos esperar mais. A situa\u00e7\u00e3o do hospital est\u00e1 muito pior do que eu pensava\u201d, afirmou o m\u00e9dico e secret\u00e1rio Cl\u00e1udio Miranda. \u201cA gest\u00e3o anterior do S\u00e3o Vicente deixou aquele local completamente sucateado. Por isso a necessidade de trazermos uma institui\u00e7\u00e3o capacitada, que pudesse resolver essa situa\u00e7\u00e3o em um curto espa\u00e7o de tempo\u201d, completou.<\/p>\n<p>Assim, desde o dia 1\u00ba de mar\u00e7o deste ano, uma nova equipe de especialistas passou a trabalhar na gest\u00e3o administrativa do hospital. Junto com o superintendente, Fued Maluf, o secret\u00e1rio Cl\u00e1udio Miranda e o novo governo municipal, a nova gest\u00e3o administrativa vai utilizar a vasta experi\u00eancia na \u00e1rea para o bem de todos.<\/p>\n<p>\u201cEsta presta\u00e7\u00e3o de servi\u00e7os ter\u00e1 metas a serem cumpridas. Eles j\u00e1 atuaram em situa\u00e7\u00f5es complexas, como do hospital de S\u00e3o Jos\u00e9 dos Campos, da Funda\u00e7\u00e3o Lucy Montoro e at\u00e9 de unidades do AME (Ambulat\u00f3rio M\u00e9dico de Especialidades). S\u00e3o especialistas que v\u00e3o nos ajudar a atingir este objetivo de cuidar das pessoas\u201d, ressaltou.<\/p>\n<p><b>Mais benef\u00edcios<br \/>\n<\/b>Al\u00e9m da valoriza\u00e7\u00e3o dos profissionais que atuam no Hospital S\u00e3o Vicente, a mudan\u00e7a da gest\u00e3o administrativa tamb\u00e9m vai refletir diretamente na popula\u00e7\u00e3o que se utiliza deste servi\u00e7o. \u201cTenho convic\u00e7\u00e3o absoluta de que, em poucos meses, vamos ter um novo Hospital S\u00e3o Vicente, com servi\u00e7os melhores para a popula\u00e7\u00e3o. O novo Pronto-Atendimento Central e, em breve, o P.A. Retiro, ambos funcionando 24 horas, v\u00e3o desafogar o Pronto-Socorro do hospital. E vir\u00e3o outros investimentos em toda a rede de sa\u00fade, inclusive nas UBSs (Unidades B\u00e1sicas de Sa\u00fade), com as novas UPAs (Unidades de Pronto Atendimento) e o futuro novo hospital\u201d, comentou Miranda.<\/p>\n","protected":false},"excerpt":{"rendered":"<p> Desde 1\u00ba de mar\u00e7o, nova equipe de especialistas passou a trabalhar na administra\u00e7\u00e3o do hospital<\/p>\n","protected":false},"author":11,"featured_media":0,"comment_status":"closed","ping_status":"closed","sticky":false,"template":"","format":"standard","meta":{"footnotes":""},"categories":[2],"tags":[70,3],"ods":[],"class_list":["post-54627","post","type-post","status-publish","format-standard","hentry","category-noticias","tag-hsv","tag-saude"],"_links":{"self":[{"href":"https:\/\/jundiai.sp.gov.br\/noticias\/wp-json\/wp\/v2\/posts\/54627","targetHints":{"allow":["GET"]}}],"collection":[{"href":"https:\/\/jundiai.sp.gov.br\/noticias\/wp-json\/wp\/v2\/posts"}],"about":[{"href":"https:\/\/jundiai.sp.gov.br\/noticias\/wp-json\/wp\/v2\/types\/post"}],"author":[{"embeddable":true,"href":"https:\/\/jundiai.sp.gov.br\/noticias\/wp-json\/wp\/v2\/users\/11"}],"replies":[{"embeddable":true,"href":"https:\/\/jundiai.sp.gov.br\/noticias\/wp-json\/wp\/v2\/comments?post=54627"}],"version-history":[{"count":1,"href":"https:\/\/jundiai.sp.gov.br\/noticias\/wp-json\/wp\/v2\/posts\/54627\/revisions"}],"predecessor-version":[{"id":144415,"href":"https:\/\/jundiai.sp.gov.br\/noticias\/wp-json\/wp\/v2\/posts\/54627\/revisions\/144415"}],"wp:attachment":[{"href":"https:\/\/jundiai.sp.gov.br\/noticias\/wp-json\/wp\/v2\/media?parent=54627"}],"wp:term":[{"taxonomy":"category","embeddable":true,"href":"https:\/\/jundiai.sp.gov.br\/noticias\/wp-json\/wp\/v2\/categories?post=54627"},{"taxonomy":"post_tag","embeddable":true,"href":"https:\/\/jundiai.sp.gov.br\/noticias\/wp-json\/wp\/v2\/tags?post=54627"},{"taxonomy":"ods","embeddable":true,"href":"https:\/\/jundiai.sp.gov.br\/noticias\/wp-json\/wp\/v2\/ods?post=54627"}],"curies":[{"name":"wp","href":"https:\/\/api.w.org\/{rel}","templated":true}]}}