{"id":54905,"date":"2013-03-12T18:00:48","date_gmt":"2013-03-12T21:00:48","guid":{"rendered":"https:\/\/jundiai.sp.gov.br\/noticias\/?p=54905"},"modified":"2016-11-04T13:13:41","modified_gmt":"2016-11-04T15:13:41","slug":"consorcio-circuito-das-frutas-tem-nova-diretoria","status":"publish","type":"post","link":"https:\/\/jundiai.sp.gov.br\/noticias\/2013\/03\/12\/consorcio-circuito-das-frutas-tem-nova-diretoria\/","title":{"rendered":"Cons\u00f3rcio Circuito das Frutas tem nova diretoria"},"content":{"rendered":"<p>O Cons\u00f3rcio Intermunicipal para Desenvolvimento do P\u00f3lo Tur\u00edstico Circuito das Frutas, formado por 10 munic\u00edpios da regi\u00e3o, elegeu nesta ter\u00e7a-feira (12) sua nova diretoria.<\/p>\n<p><strong>Leia tamb\u00e9m<br \/>\n<a href=\"https:\/\/jundiai.sp.gov.br\/noticias\/2013\/03\/cidade-tera-festa-da-uva-novamente-em-2014\/\" target=\"_blank\">Cidade ter\u00e1 Festa da Uva novamente em 2014<\/a><\/strong><\/p>\n<div id=\"attachment_133996\" style=\"width: 410px\" class=\"wp-caption alignleft\"><a href=\"https:\/\/jundiai.sp.gov.br\/noticias\/wp-content\/uploads\/sites\/32\/2013\/03\/circuito_frutas_niza19g1.jpg\"><img loading=\"lazy\" decoding=\"async\" aria-describedby=\"caption-attachment-133996\" src=\"https:\/\/jundiai.sp.gov.br\/noticias\/wp-content\/uploads\/sites\/32\/2013\/03\/circuito_frutas_niza19g1.jpg\" alt=\"Representantes das 10 cidades do cons\u00f3rcio na reuni\u00e3o\" width=\"400\" height=\"400\" class=\"size-full wp-image-133996\" \/><\/a><p id=\"caption-attachment-133996\" class=\"wp-caption-text\">Representantes das 10 cidades do cons\u00f3rcio na reuni\u00e3o<\/p><\/div>\n<p>A presid\u00eancia ficou com a cidade de Itatiba e a vice, com Morungaba. O munic\u00edpio de Louveira assume a diretoria executiva e Atibaia continua \u00e0 frente da diretoria Financeira.<\/p>\n<p>A escolha dos novos dirigentes ocorreu durante a reuni\u00e3o de presta\u00e7\u00e3o de contas de 2012, realizada nesta ter\u00e7a em Atibaia. Todas as cidades que integram o Cons\u00f3rcio participaram da reuni\u00e3o e a escolha dos novos dirigentes foi por consenso. N\u00e3o houve disputas.<\/p>\n<p>O secret\u00e1rio de Agricultura, Abastecimento e Turismo Rural de Jundia\u00ed, Marcos Brunholi, participou da reuni\u00e3o. Nos \u00faltimos dois anos, Jundia\u00ed ficou \u00e0 frente da diretoria executiva. Fazem parte ainda do Circuito: Indaiatuba, Itupeva, Jarinu, Valinhos e Vinhedo.<\/p>\n<p>O cons\u00f3rcio foi criado em 2002 com objetivo de descentralizar a gest\u00e3o p\u00fablica, promover planejamento t\u00e1tico e operacional das a\u00e7\u00f5es do desenvolvimento local e regional e articular estruturas de governan\u00e7a, fomentando a voca\u00e7\u00e3o tur\u00edstica de seus integrantes e preservando a cultura dos produtores rurais.<\/p>\n<p><strong>Fotos: fot\u00f3grafos PMJ<\/strong><em><\/em><\/p>\n","protected":false},"excerpt":{"rendered":"<p>A escolha dos novos dirigentes ocorreu durante a reuni\u00e3o de presta\u00e7\u00e3o de contas de 2012, realizada em Atibaia<\/p>\n","protected":false},"author":11,"featured_media":0,"comment_status":"closed","ping_status":"closed","sticky":false,"template":"","format":"standard","meta":{"footnotes":""},"categories":[2],"tags":[41],"ods":[],"class_list":["post-54905","post","type-post","status-publish","format-standard","hentry","category-noticias","tag-agricultura-abastecimento-e-turismo"],"_links":{"self":[{"href":"https:\/\/jundiai.sp.gov.br\/noticias\/wp-json\/wp\/v2\/posts\/54905","targetHints":{"allow":["GET"]}}],"collection":[{"href":"https:\/\/jundiai.sp.gov.br\/noticias\/wp-json\/wp\/v2\/posts"}],"about":[{"href":"https:\/\/jundiai.sp.gov.br\/noticias\/wp-json\/wp\/v2\/types\/post"}],"author":[{"embeddable":true,"href":"https:\/\/jundiai.sp.gov.br\/noticias\/wp-json\/wp\/v2\/users\/11"}],"replies":[{"embeddable":true,"href":"https:\/\/jundiai.sp.gov.br\/noticias\/wp-json\/wp\/v2\/comments?post=54905"}],"version-history":[{"count":2,"href":"https:\/\/jundiai.sp.gov.br\/noticias\/wp-json\/wp\/v2\/posts\/54905\/revisions"}],"predecessor-version":[{"id":133997,"href":"https:\/\/jundiai.sp.gov.br\/noticias\/wp-json\/wp\/v2\/posts\/54905\/revisions\/133997"}],"wp:attachment":[{"href":"https:\/\/jundiai.sp.gov.br\/noticias\/wp-json\/wp\/v2\/media?parent=54905"}],"wp:term":[{"taxonomy":"category","embeddable":true,"href":"https:\/\/jundiai.sp.gov.br\/noticias\/wp-json\/wp\/v2\/categories?post=54905"},{"taxonomy":"post_tag","embeddable":true,"href":"https:\/\/jundiai.sp.gov.br\/noticias\/wp-json\/wp\/v2\/tags?post=54905"},{"taxonomy":"ods","embeddable":true,"href":"https:\/\/jundiai.sp.gov.br\/noticias\/wp-json\/wp\/v2\/ods?post=54905"}],"curies":[{"name":"wp","href":"https:\/\/api.w.org\/{rel}","templated":true}]}}