{"id":55028,"date":"2013-03-13T18:03:59","date_gmt":"2013-03-13T21:03:59","guid":{"rendered":"https:\/\/jundiai.sp.gov.br\/noticias\/?p=55028"},"modified":"2016-11-04T13:23:19","modified_gmt":"2016-11-04T15:23:19","slug":"samu-coloca-novas-viaturas-em-operacao","status":"publish","type":"post","link":"https:\/\/jundiai.sp.gov.br\/noticias\/2013\/03\/13\/samu-coloca-novas-viaturas-em-operacao\/","title":{"rendered":"Samu coloca novas viaturas em opera\u00e7\u00e3o"},"content":{"rendered":"<p>A Secretaria de Sa\u00fade de Jundia\u00ed colocou em uso, nesta quarta-feira (13), as duas novas ambul\u00e2ncias de resgate do Samu (Servi\u00e7o de Atendimento M\u00f3vel de Urg\u00eancia), mantido em parceria com o Minist\u00e9rio da Sa\u00fade. O modelo \u00e9 Renault Master 2.5 Diesel Turbo, com diversas inova\u00e7\u00f5es. Elas substituem outras duas Mercedes Sprinter que estavam em opera\u00e7\u00e3o desde 2004, e percorreram aproximadamente 320 mil quil\u00f4metros cada. Ambas passam agora para a reserva t\u00e9cnica do servi\u00e7o.<\/p>\n<p><a href=\"https:\/\/jundiai.sp.gov.br\/noticias\/2013\/03\/secretaria-de-saude-promove-audiencia-publica\/\" target=\"_blank\"><strong>Secretaria de Sa\u00fade promove audi\u00eancia p\u00fablica<\/strong><\/a><\/p>\n<div id=\"attachment_133959\" style=\"width: 730px\" class=\"wp-caption aligncenter\"><a href=\"https:\/\/jundiai.sp.gov.br\/noticias\/wp-content\/uploads\/sites\/32\/2013\/03\/novas_viaturs_samu_p_hdr1G1.jpg\"><img loading=\"lazy\" decoding=\"async\" aria-describedby=\"caption-attachment-133959\" src=\"https:\/\/jundiai.sp.gov.br\/noticias\/wp-content\/uploads\/sites\/32\/2013\/03\/novas_viaturs_samu_p_hdr1G1.jpg\" alt=\"Novas viaturas contam com alta tecnologia para salvar vidas\" width=\"720\" height=\"513\" class=\"size-full wp-image-133959\" \/><\/a><p id=\"caption-attachment-133959\" class=\"wp-caption-text\">Novas viaturas contam com alta tecnologia para salvar vidas<\/p><\/div>\n<p>Entre as principais novidades dos novos modelos est\u00e3o o uso de l\u00e2mpadas do tipo led nas sirenes, no interior e nas luzes auxiliares das laterais, melhorando as condi\u00e7\u00f5es t\u00e9cnicas de trabalho nos atendimentos noturnos. Tamb\u00e9m contam com sistemas de ar-condicionado e de ar quente tanto no \u201csal\u00e3o\u201d (parte posterior) quanto na cabine de dire\u00e7\u00e3o. Nos equipamentos, o novo tipo de desfibrilador tem monitoramento autom\u00e1tico dos sinais vitais.<\/p>\n<div id=\"attachment_133958\" style=\"width: 410px\" class=\"wp-caption alignleft\"><a href=\"https:\/\/jundiai.sp.gov.br\/noticias\/wp-content\/uploads\/sites\/32\/2013\/03\/novas_viaturs_samu_mario_p_G.jpg\"><img loading=\"lazy\" decoding=\"async\" aria-describedby=\"caption-attachment-133958\" src=\"https:\/\/jundiai.sp.gov.br\/noticias\/wp-content\/uploads\/sites\/32\/2013\/03\/novas_viaturs_samu_mario_p_G.jpg\" alt=\"M\u00e1rio Arruda, coordenador da frota do Samu\" width=\"400\" height=\"400\" class=\"size-full wp-image-133958\" \/><\/a><p id=\"caption-attachment-133958\" class=\"wp-caption-text\">M\u00e1rio Arruda, coordenador da frota do Samu<\/p><\/div>\n<p>Com as novas ambul\u00e2ncias, o servi\u00e7o conta com nove ve\u00edculos incluindo as duas que passaram para a reserva t\u00e9cnica e podem ser usadas em trabalhos de apoio, como a unidade prevista para a UPA (Unidade de Pronto Atendimento) do bairro Novo Horizonte.<\/p>\n<p>Durante cada dia, cerca de 50 ocorr\u00eancias s\u00e3o atendidas pelos cinco ve\u00edculos em uso na parte diurna e pelos quatro ve\u00edculos operando na parte noturna.<\/p>\n<p><strong>Mais unidades <\/strong><br \/>\nPara o condutor socorrista Sidnei Cust\u00f3dio, as condi\u00e7\u00f5es de trabalho fazem a diferen\u00e7a no cotidiano de emerg\u00eancias. Entre elas est\u00e1 o conv\u00eanio com o helic\u00f3ptero \u00c1guia, da Pol\u00edcia Militar em Campinas, que pode ser acionado pelo CCO (Centro de Controle Operacional). &#8220;Contar com o respaldo do restante da equipe \u00e9 um diferencial. Em caso de complica\u00e7\u00f5es, podemos acionar um ponto de encontro com a UTI M\u00f3vel&#8221;, explica.<\/p>\n<p>Para o secret\u00e1rio de Sa\u00fade, Cl\u00e1udio Miranda, a qualidade do Samu precisa ser estendida para os munic\u00edpios vizinhos da AUJ (Aglomera\u00e7\u00e3o Urbana de Jundia\u00ed) para evitar sequelas e custos desnecess\u00e1rios na chegada ao pronto socorro do Hospital S\u00e3o Vicente.<\/p>\n<p><strong><em>Fotos: Paulo Gr\u00e9gio<\/em><\/strong><\/p>\n","protected":false},"excerpt":{"rendered":"<p>Novos modelos v\u00e3o melhorar ainda mais o atendimento e as condi\u00e7\u00f5es dos profissionais  <\/p>\n","protected":false},"author":10,"featured_media":0,"comment_status":"closed","ping_status":"closed","sticky":false,"template":"","format":"standard","meta":{"footnotes":""},"categories":[2],"tags":[3],"ods":[],"class_list":["post-55028","post","type-post","status-publish","format-standard","hentry","category-noticias","tag-saude"],"_links":{"self":[{"href":"https:\/\/jundiai.sp.gov.br\/noticias\/wp-json\/wp\/v2\/posts\/55028","targetHints":{"allow":["GET"]}}],"collection":[{"href":"https:\/\/jundiai.sp.gov.br\/noticias\/wp-json\/wp\/v2\/posts"}],"about":[{"href":"https:\/\/jundiai.sp.gov.br\/noticias\/wp-json\/wp\/v2\/types\/post"}],"author":[{"embeddable":true,"href":"https:\/\/jundiai.sp.gov.br\/noticias\/wp-json\/wp\/v2\/users\/10"}],"replies":[{"embeddable":true,"href":"https:\/\/jundiai.sp.gov.br\/noticias\/wp-json\/wp\/v2\/comments?post=55028"}],"version-history":[{"count":2,"href":"https:\/\/jundiai.sp.gov.br\/noticias\/wp-json\/wp\/v2\/posts\/55028\/revisions"}],"predecessor-version":[{"id":133960,"href":"https:\/\/jundiai.sp.gov.br\/noticias\/wp-json\/wp\/v2\/posts\/55028\/revisions\/133960"}],"wp:attachment":[{"href":"https:\/\/jundiai.sp.gov.br\/noticias\/wp-json\/wp\/v2\/media?parent=55028"}],"wp:term":[{"taxonomy":"category","embeddable":true,"href":"https:\/\/jundiai.sp.gov.br\/noticias\/wp-json\/wp\/v2\/categories?post=55028"},{"taxonomy":"post_tag","embeddable":true,"href":"https:\/\/jundiai.sp.gov.br\/noticias\/wp-json\/wp\/v2\/tags?post=55028"},{"taxonomy":"ods","embeddable":true,"href":"https:\/\/jundiai.sp.gov.br\/noticias\/wp-json\/wp\/v2\/ods?post=55028"}],"curies":[{"name":"wp","href":"https:\/\/api.w.org\/{rel}","templated":true}]}}