{"id":55071,"date":"2013-03-14T16:49:28","date_gmt":"2013-03-14T19:49:28","guid":{"rendered":"https:\/\/jundiai.sp.gov.br\/noticias\/?p=55071"},"modified":"2016-11-04T13:12:10","modified_gmt":"2016-11-04T15:12:10","slug":"caminhada-ecologica-abre-a-semana-da-agua-dae","status":"publish","type":"post","link":"https:\/\/jundiai.sp.gov.br\/noticias\/2013\/03\/14\/caminhada-ecologica-abre-a-semana-da-agua-dae\/","title":{"rendered":"Caminhada abre Semana da \u00c1gua DAE"},"content":{"rendered":"<p>Uma Caminhada Ecol\u00f3gica abre a Semana da \u00c1gua DAE no pr\u00f3ximo domingo (17), a partir das 8h30. A concentra\u00e7\u00e3o \u00e9 na portaria principal do Jardim Bot\u00e2nico, na avenida Antonio Frederico Ozanan, com destino ao Parque da Cidade, pela ciclovia.<\/p>\n<p><strong>Leia tamb\u00e9m<br \/>\n<a href=\"https:\/\/jundiai.sp.gov.br\/noticias\/2013\/03\/atrativos-do-circuito-das-frutas-conhecem-acoes-para-2013\/\" target=\"_blank\">Integrantes do Circuito das Frutas conhecem a\u00e7\u00f5es para 2013<\/a><\/strong><br \/>\n<a href=\"https:\/\/jundiai.sp.gov.br\/noticias\/2013\/03\/samu-coloca-novas-viaturas-em-operacao\/\" target=\"_blank\"><strong>Samu coloca novas viaturas em opera\u00e7\u00e3o<\/strong><\/a><\/p>\n<div style=\"width: 410px\" class=\"wp-caption alignleft\"><a href=\"https:\/\/jundiai.sp.gov.br\/noticias\/wp-content\/uploads\/sites\/32\/2013\/03\/jardim-botanico-caminhada.jpg\"><img loading=\"lazy\" decoding=\"async\" alt=\"\" src=\"https:\/\/jundiai.sp.gov.br\/noticias\/wp-content\/uploads\/sites\/32\/2013\/03\/jardim-botanico-caminhada.jpg\" width=\"400\" height=\"400\" \/><\/a><p class=\"wp-caption-text\">Caminhada ter\u00e1 4,3 quil\u00f4metros em meio \u00e0 vegeta\u00e7\u00e3o do local<\/p><\/div>\n<p>S\u00e3o 4,3 quil\u00f4metros de percurso em meio a um belo cen\u00e1rio. \u201cAl\u00e9m do exerc\u00edcio f\u00edsico, essa caminhada proporciona o bem-estar mental porque \u00e9 um trajeto rodeado de vegeta\u00e7\u00e3o\u201d, explica a diretora do Jardim Bot\u00e2nico, V\u00e2nia Plaza Nunes. \u201cAs pessoas podem contemplar diferentes esp\u00e9cies de plantas e p\u00e1ssaros.\u201d A caminhada ser\u00e1 acompanhada por alunos da ESEF (Escola Superior de Educa\u00e7\u00e3o F\u00edsica).<\/p>\n<p>Para comemorar o Dia Mundial da \u00c1gua (22 de mar\u00e7o), a DAE S.A. realizar\u00e1 diversas outras atividades entre os dias 17 e 22 de mar\u00e7o. Confira:<\/p>\n<p>No dia 19 o aviador aventureiro G\u00e9rard Moss far\u00e1 uma palestra, \u00e0s 14h, no audit\u00f3rio da DAE, para contar experi\u00eancias com projetos como o \u201cBrasil das \u00c1guas\u201d, em que fez coletas de \u00e1gua pelo Brasil todo em um avi\u00e3o anf\u00edbio.<\/p>\n<p>O re\u00faso de \u00e1gua \u00e9 tema de palestra do dia 21, \u00e0s 8h30, no audit\u00f3rio da Ciesp, com Marcos Asseburg, diretor da Aquapolo Ambiental. Ele falar\u00e1 sobre o re\u00faso de \u00e1gua proveniente do esgoto tratado e sobre o projeto desenvolvido para atender \u00e0s necessidades de outras ind\u00fastrias do Polo Petroqu\u00edmico do ABC. A Semana da \u00c1gua DAE ser\u00e1 encerrada na sexta-feira (22), \u00e0s 20h, com a abertura da exposi\u00e7\u00e3o de fotos \u201c\u00c1gua em Jundia\u00ed\u201d, realizada em parceria com o Foto Vis\u00e3o no Gabinete de Leitura Ruy Barbosa.<\/p>\n<p>A abertura \u00e9 para convidados, mas as fotos permanecer\u00e3o no Gabinete de 23 de mar\u00e7o a 19 de abril e podem ser vistas de segunda a sexta, das 8h \u00e0s 20h; aos s\u00e1bados, das 8h \u00e0s 17h, e aos domingos, das 8h \u00e0s 12h.<\/p>\n<p><strong><em>Foto: Arquivo<\/em><\/strong><\/p>\n","protected":false},"excerpt":{"rendered":"<p>Concentra\u00e7\u00e3o ser\u00e1 na portaria principal do Jardim Bot\u00e2nico, a partir das 8h30, no pr\u00f3ximo domingo (17)  <\/p>\n","protected":false},"author":10,"featured_media":0,"comment_status":"closed","ping_status":"closed","sticky":false,"template":"","format":"standard","meta":{"footnotes":""},"categories":[2],"tags":[66],"ods":[],"class_list":["post-55071","post","type-post","status-publish","format-standard","hentry","category-noticias","tag-dae"],"_links":{"self":[{"href":"https:\/\/jundiai.sp.gov.br\/noticias\/wp-json\/wp\/v2\/posts\/55071","targetHints":{"allow":["GET"]}}],"collection":[{"href":"https:\/\/jundiai.sp.gov.br\/noticias\/wp-json\/wp\/v2\/posts"}],"about":[{"href":"https:\/\/jundiai.sp.gov.br\/noticias\/wp-json\/wp\/v2\/types\/post"}],"author":[{"embeddable":true,"href":"https:\/\/jundiai.sp.gov.br\/noticias\/wp-json\/wp\/v2\/users\/10"}],"replies":[{"embeddable":true,"href":"https:\/\/jundiai.sp.gov.br\/noticias\/wp-json\/wp\/v2\/comments?post=55071"}],"version-history":[{"count":1,"href":"https:\/\/jundiai.sp.gov.br\/noticias\/wp-json\/wp\/v2\/posts\/55071\/revisions"}],"predecessor-version":[{"id":144413,"href":"https:\/\/jundiai.sp.gov.br\/noticias\/wp-json\/wp\/v2\/posts\/55071\/revisions\/144413"}],"wp:attachment":[{"href":"https:\/\/jundiai.sp.gov.br\/noticias\/wp-json\/wp\/v2\/media?parent=55071"}],"wp:term":[{"taxonomy":"category","embeddable":true,"href":"https:\/\/jundiai.sp.gov.br\/noticias\/wp-json\/wp\/v2\/categories?post=55071"},{"taxonomy":"post_tag","embeddable":true,"href":"https:\/\/jundiai.sp.gov.br\/noticias\/wp-json\/wp\/v2\/tags?post=55071"},{"taxonomy":"ods","embeddable":true,"href":"https:\/\/jundiai.sp.gov.br\/noticias\/wp-json\/wp\/v2\/ods?post=55071"}],"curies":[{"name":"wp","href":"https:\/\/api.w.org\/{rel}","templated":true}]}}