{"id":55182,"date":"2013-03-15T17:59:19","date_gmt":"2013-03-15T20:59:19","guid":{"rendered":"https:\/\/jundiai.sp.gov.br\/noticias\/?p=55182"},"modified":"2016-11-04T13:11:54","modified_gmt":"2016-11-04T15:11:54","slug":"artista-portadora-de-nanismo-congenito-visita-prefeitura","status":"publish","type":"post","link":"https:\/\/jundiai.sp.gov.br\/noticias\/2013\/03\/15\/artista-portadora-de-nanismo-congenito-visita-prefeitura\/","title":{"rendered":"Artista portadora de nanismo cong\u00eanito visita Prefeitura"},"content":{"rendered":"<p>Aos 59 anos, ela mostra grande vigor para o trabalho e amor pela vida. N\u00e3o seria nada de mais se ela n\u00e3o tivesse pouco mais de 1 metro de altura. Portadora de nanismo cong\u00eanito com deformidade da coluna, Maria Colonheze de Massias, atriz, locutora e recepcionista est\u00e1 morando em Jundia\u00ed h\u00e1 3 anos e procura um trabalho. \u201cRecebo o benef\u00edcio da Previd\u00eancia Social, mas gosto muito de trabalhar, de levar minha alegria para as pessoas\u201d, diz.<\/p>\n<p><strong>Leia tamb\u00e9m<br \/>\n<a href=\"https:\/\/jundiai.sp.gov.br\/noticias\/2013\/03\/jovens-serao-homenageados-na-26o-edicao-da-festa-italiana\/\" target=\"_blank\">Jovens ser\u00e3o homenageados na 26\u00ba Festa Italiana<\/a><\/strong><\/p>\n<div id=\"attachment_133401\" style=\"width: 410px\" class=\"wp-caption alignleft\"><a href=\"https:\/\/jundiai.sp.gov.br\/noticias\/wp-content\/uploads\/sites\/32\/2013\/03\/maria_procura_emprego_p_19G1.jpg\"><img loading=\"lazy\" decoding=\"async\" aria-describedby=\"caption-attachment-133401\" src=\"https:\/\/jundiai.sp.gov.br\/noticias\/wp-content\/uploads\/sites\/32\/2013\/03\/maria_procura_emprego_p_19G1.jpg\" alt=\"Reinaldo Fernandes recebeu a atriz que est\u00e1 em busca de oportunidade de trabalho\" width=\"400\" height=\"400\" class=\"size-full wp-image-133401\" \/><\/a><p id=\"caption-attachment-133401\" class=\"wp-caption-text\">Reinaldo Fernandes recebeu a atriz que est\u00e1 em busca de oportunidade de trabalho<\/p><\/div>\n<p>Maria passou por quase todos os canais de televis\u00e3o abertos e foi at\u00e9 amiga de Hebe Camargo. \u201cA Hebe me ajudou no tratamento para engravidar. Mas n\u00e3o consegui\u201d.<\/p>\n<p>Casada h\u00e1 23 anos com um argentino, Maria morou em v\u00e1rios pa\u00edses da Am\u00e9rica e est\u00e1 disposta a volta para o mercado de trabalho. \u201cA vida para um deficiente n\u00e3o \u00e9 f\u00e1cil. Mas n\u00e3o podemos desistir, \u00e9 preciso lutar e correr atr\u00e1s mesmo com todo o preconceito da sociedade\u201d, destacou, com um curr\u00edculo em m\u00e3os.<\/p>\n<p><strong>Visita<\/strong><br \/>\nMaria visitou a Coordenadoria da Pessoa com Defici\u00eancia. \u201cFui muito bem recebida. \u00c9 incr\u00edvel ter uma equipe defendendo os direitos dos deficientes. Ando sozinha pela cidade e s\u00f3 tenho a agradecer a ajuda dos motoristas de \u00f4nibus que me auxiliam a subir e descer dos ve\u00edculos.\u201d<\/p>\n<p>Reinaldo Fernandes, respons\u00e1vel pela coordenadoria, disse que muitos deficientes relatam esta mesma situa\u00e7\u00e3o apontada por Maria. \u201cAs empresas querem contratar deficientes capacitados para o trabalho, mas eles s\u00f3 estar\u00e3o preparados se tiverem a oportunidade. Estou em contato direto com a Delegacia do Trabalho para tentarmos mudar esta realidade entre as empresas\u201d, afirma.<\/p>\n<p><strong>Foto: Paulo Gr\u00e9gio<\/strong><\/p>\n","protected":false},"excerpt":{"rendered":"<p>Maria Colonheze de Massias elogiou a iniciativa pela cria\u00e7\u00e3o da Coordenadoria da Pessoa com Defici\u00eancia   <\/p>\n","protected":false},"author":10,"featured_media":0,"comment_status":"closed","ping_status":"closed","sticky":false,"template":"","format":"standard","meta":{"footnotes":""},"categories":[2],"tags":[509],"ods":[],"class_list":["post-55182","post","type-post","status-publish","format-standard","hentry","category-noticias","tag-coordenadoria-dos-direitos-das-pessoas-com-deficiencia"],"_links":{"self":[{"href":"https:\/\/jundiai.sp.gov.br\/noticias\/wp-json\/wp\/v2\/posts\/55182","targetHints":{"allow":["GET"]}}],"collection":[{"href":"https:\/\/jundiai.sp.gov.br\/noticias\/wp-json\/wp\/v2\/posts"}],"about":[{"href":"https:\/\/jundiai.sp.gov.br\/noticias\/wp-json\/wp\/v2\/types\/post"}],"author":[{"embeddable":true,"href":"https:\/\/jundiai.sp.gov.br\/noticias\/wp-json\/wp\/v2\/users\/10"}],"replies":[{"embeddable":true,"href":"https:\/\/jundiai.sp.gov.br\/noticias\/wp-json\/wp\/v2\/comments?post=55182"}],"version-history":[{"count":3,"href":"https:\/\/jundiai.sp.gov.br\/noticias\/wp-json\/wp\/v2\/posts\/55182\/revisions"}],"predecessor-version":[{"id":133402,"href":"https:\/\/jundiai.sp.gov.br\/noticias\/wp-json\/wp\/v2\/posts\/55182\/revisions\/133402"}],"wp:attachment":[{"href":"https:\/\/jundiai.sp.gov.br\/noticias\/wp-json\/wp\/v2\/media?parent=55182"}],"wp:term":[{"taxonomy":"category","embeddable":true,"href":"https:\/\/jundiai.sp.gov.br\/noticias\/wp-json\/wp\/v2\/categories?post=55182"},{"taxonomy":"post_tag","embeddable":true,"href":"https:\/\/jundiai.sp.gov.br\/noticias\/wp-json\/wp\/v2\/tags?post=55182"},{"taxonomy":"ods","embeddable":true,"href":"https:\/\/jundiai.sp.gov.br\/noticias\/wp-json\/wp\/v2\/ods?post=55182"}],"curies":[{"name":"wp","href":"https:\/\/api.w.org\/{rel}","templated":true}]}}