{"id":55881,"date":"2013-03-25T14:48:26","date_gmt":"2013-03-25T17:48:26","guid":{"rendered":"https:\/\/jundiai.sp.gov.br\/noticias\/?p=55881"},"modified":"2016-11-04T10:56:54","modified_gmt":"2016-11-04T12:56:54","slug":"pesca-economica-tem-calendario-especial-nesta-semana","status":"publish","type":"post","link":"https:\/\/jundiai.sp.gov.br\/noticias\/2013\/03\/25\/pesca-economica-tem-calendario-especial-nesta-semana\/","title":{"rendered":"Pesca Econ\u00f4mica tem calend\u00e1rio especial nesta semana"},"content":{"rendered":"<p>Em fun\u00e7\u00e3o da Semana Santa, as barracas do programa Pesca Econ\u00f4mica v\u00e3o funcionar com uma programa\u00e7\u00e3o especial nos pr\u00f3ximos dias. O programa tem como objetivo oferecer \u00e0 popula\u00e7\u00e3o pescados frescos, de qualidade e com pre\u00e7o baixo. O funcionamento \u00e9 das 8h \u00e0s 13h e, nesta semana, ser\u00e3o especialmente acrescidos \u00e0 programa\u00e7\u00e3o alguns pontos extras para atender \u00e0 demanda, que costuma aumentar bastante nesta \u00e9poca. <\/p>\n<p>Na quinta-feira (28), al\u00e9m dos pontos j\u00e1 habituais, haver\u00e1 barraca no Jardim das Tulipas. J\u00e1 na sexta (29), haver\u00e1 comercializa\u00e7\u00e3o na Col\u00f4nia, Vila Hortol\u00e2ndia, Almerinda Chaves, Vila Maring\u00e1 e Agapeama (os endere\u00e7os est\u00e3o no final desta reportagem).<\/p>\n<p>O permission\u00e1rio Leandro Bernardi, respons\u00e1vel pelos pontos de venda, explica que um dos peixes de maior sa\u00edda \u00e9 o bacalhau fresco, que ser\u00e1 vendido a R$ 14,90 o quilo. \u201c\u00c9 o bacalhau na sua forma original, que permite trabalhar variados pratos, diferente daquele vendido em supermercados, que \u00e9 o seco\u201d, explica Leandro. <\/p>\n<p>J\u00e1 sobre a til\u00e1pia gra\u00fada, vendida no programa, Leandro explica que ela n\u00e3o tem &#8220;gosto de barro, como se costuma encontrar por a\u00ed&#8221;. E o pre\u00e7o dever\u00e1 estar em torno de R$ 11,90. A pescadinha branca, a sardinha e a cavalinha, na lista dos mais consumidos na Semana Santa, ter\u00e3o pre\u00e7os iguais, entre R$ 6,90 e R$ 7,90 o quilo, podendo variar para menos, dependendo da oferta do produto.<\/p>\n<p><strong>Novos pontos<\/strong><br \/>\nA Secretaria de Agricultura, Abastecimento e Agricultura divulga ainda a ades\u00e3o de mais um permission\u00e1rio ao programa Pesca Econ\u00f4mica, Paulo Afonso Concei\u00e7\u00e3o, que cobrir\u00e1 inicialmente dois bairros da cidade: quarta-feira (27) e sexta (29), na pra\u00e7a Leonardo Timponi, na Vila Aparecida; al\u00e9m de ter\u00e7a-feira (26) e quinta (28), na rua Tenente Jos\u00e9 Roberto, noJardim Tarum\u00e3. <\/p>\n<p><strong>Confira o calend\u00e1rio e os endere\u00e7os das barracas da Pesca Econ\u00f4mica nesta semana:<\/strong><\/p>\n<p><strong>26 &#8211;<\/strong> Ter\u00e7a-feira Jardim do Lago<br \/>\n<strong>27 &#8211;<\/strong> Quarta-feira Jardim Santa Gertrudes (partes alta e baixa)<br \/>\n<strong>28 &#8211;<\/strong> Quinta-feira Eloy Chaves ,Fazenda Grande e Jardim Tulipas<br \/>\n<strong>29 &#8211;<\/strong> Sexta-feira Col\u00f4nia, Vila Hortol\u00e2ndia, Almerinda Chaves, Vila Maring\u00e1 e Agapeama <\/p>\n<p><strong>Rela\u00e7\u00e3o de endere\u00e7os: <\/strong><\/p>\n<p><strong>Jardim do Lado:<\/strong> Rua Teodoro Sampaio, pr\u00f3ximo ao n\u00famero 40<br \/>\n<strong>Jardim Santa Gertrudes:<\/strong> Rua Pedro Augusto de Oliveira, pr\u00f3ximo ao n\u00famero 27 (parte alta) e rua Ricardo C\u00e9sar F\u00e1varo, pr\u00f3ximo ao n\u00famero 508 (parte baixa).<br \/>\n<strong>Eloy Chaves:<\/strong> em frente \u00e0 Pra\u00e7a das M\u00e3es<br \/>\n<strong>Fazenda Grande:<\/strong> Rua Roberto G\u00e1spari, pr\u00f3ximo \u00e0 UBS<br \/>\n<strong>Jardim Tulipas:<\/strong> Rua Adelino Martins, em frente \u00e0 emeb \u2018Profa. Marina de Almeida Carvalho\u2019<br \/>\n<strong>Col\u00f4nia:<\/strong> Rua Luiz Benacchio, em frente \u00e0 Igreja Sagrado Cora\u00e7\u00e3o de Jesus<br \/>\n<strong>Vila Hortol\u00e2ndia:<\/strong> Pra\u00e7a Joaquim Soares de Lemos, pr\u00f3ximo ao Supermercado Boa<br \/>\n<strong>Almerinda Chaves:<\/strong> Rua Pastor Francisco Ciamarella, pr\u00f3ximo \u00e0 UBS<br \/>\n<strong>Vila Maring\u00e1: <\/strong>Rua Padre Felisberto Schubert com Rua Nicolau Orsi<br \/>\n<strong>Agapeama:<\/strong> avenida do contorno, mesmo local do varej\u00e3o de s\u00e1bado<\/p>\n<p><strong><em>Fotos: Fot\u00f3grafos PMJ<\/em><\/strong><\/p>\n","protected":false},"excerpt":{"rendered":"<p>Em raz\u00e3o do aumento da demanda nessa \u00e9poca do ano, novos pontos de venda ser\u00e3o acrescidos ao programa   <\/p>\n","protected":false},"author":10,"featured_media":0,"comment_status":"closed","ping_status":"closed","sticky":false,"template":"","format":"standard","meta":{"footnotes":""},"categories":[2],"tags":[],"ods":[],"class_list":["post-55881","post","type-post","status-publish","format-standard","hentry","category-noticias"],"_links":{"self":[{"href":"https:\/\/jundiai.sp.gov.br\/noticias\/wp-json\/wp\/v2\/posts\/55881","targetHints":{"allow":["GET"]}}],"collection":[{"href":"https:\/\/jundiai.sp.gov.br\/noticias\/wp-json\/wp\/v2\/posts"}],"about":[{"href":"https:\/\/jundiai.sp.gov.br\/noticias\/wp-json\/wp\/v2\/types\/post"}],"author":[{"embeddable":true,"href":"https:\/\/jundiai.sp.gov.br\/noticias\/wp-json\/wp\/v2\/users\/10"}],"replies":[{"embeddable":true,"href":"https:\/\/jundiai.sp.gov.br\/noticias\/wp-json\/wp\/v2\/comments?post=55881"}],"version-history":[{"count":1,"href":"https:\/\/jundiai.sp.gov.br\/noticias\/wp-json\/wp\/v2\/posts\/55881\/revisions"}],"predecessor-version":[{"id":182898,"href":"https:\/\/jundiai.sp.gov.br\/noticias\/wp-json\/wp\/v2\/posts\/55881\/revisions\/182898"}],"wp:attachment":[{"href":"https:\/\/jundiai.sp.gov.br\/noticias\/wp-json\/wp\/v2\/media?parent=55881"}],"wp:term":[{"taxonomy":"category","embeddable":true,"href":"https:\/\/jundiai.sp.gov.br\/noticias\/wp-json\/wp\/v2\/categories?post=55881"},{"taxonomy":"post_tag","embeddable":true,"href":"https:\/\/jundiai.sp.gov.br\/noticias\/wp-json\/wp\/v2\/tags?post=55881"},{"taxonomy":"ods","embeddable":true,"href":"https:\/\/jundiai.sp.gov.br\/noticias\/wp-json\/wp\/v2\/ods?post=55881"}],"curies":[{"name":"wp","href":"https:\/\/api.w.org\/{rel}","templated":true}]}}