{"id":55942,"date":"2013-03-25T18:57:54","date_gmt":"2013-03-25T21:57:54","guid":{"rendered":"https:\/\/jundiai.sp.gov.br\/noticias\/?p=55942"},"modified":"2016-11-04T13:09:01","modified_gmt":"2016-11-04T15:09:01","slug":"secretaria-de-transito-testa-alternativa-para-trevo-da-estrada-de-itatiba","status":"publish","type":"post","link":"https:\/\/jundiai.sp.gov.br\/noticias\/2013\/03\/25\/secretaria-de-transito-testa-alternativa-para-trevo-da-estrada-de-itatiba\/","title":{"rendered":"Setransp testa alternativa para trevo da estrada de Itatiba"},"content":{"rendered":"<p>A Secretaria de Transportes vai testar por dois dias uma alternativa para aliviar os transtornos da obra no trevo da rodovia Engenheiro Const\u00e2ncio Cintra (SP-360). Na manh\u00e3 desta segunda-feira (25), t\u00e9cnicos da secretaria se reuniram com representantes da concession\u00e1ria Rota das Bandeiras &#8211; que administra a rodovia e \u00e9 respons\u00e1vel pela obra. Ficou decidido abrir o retorno da avenida Humberto Cereser, pr\u00f3ximo ao n\u00famero 233. <\/p>\n<div id=\"attachment_132229\" style=\"width: 410px\" class=\"wp-caption alignleft\"><a href=\"https:\/\/jundiai.sp.gov.br\/noticias\/wp-content\/uploads\/sites\/32\/2013\/03\/trevo_caxambu_jdi_mirim_c_-7_G1.jpg\"><img loading=\"lazy\" decoding=\"async\" aria-describedby=\"caption-attachment-132229\" src=\"https:\/\/jundiai.sp.gov.br\/noticias\/wp-content\/uploads\/sites\/32\/2013\/03\/trevo_caxambu_jdi_mirim_c_-7_G1.jpg\" alt=\"Retorno na avenida Humberto Cereser foi aberto\" width=\"400\" height=\"400\" class=\"size-full wp-image-132229\" \/><\/a><p id=\"caption-attachment-132229\" class=\"wp-caption-text\">Retorno na avenida Humberto Cereser foi aberto<\/p><\/div>\n<p>Desta forma, os moradores do bairro Jundia\u00ed-Mirim n\u00e3o precisam fazer o retorno no trevo para acessar a avenida no sentido Caxambu.<\/p>\n<p>Para auxiliar o motorista, a Diretoria de Tr\u00e2nsito vai manter um fiscal no local nos hor\u00e1rios de pico. A diretora de Tr\u00e2nsito, Regina Rom\u00e3o, explica que a medida \u00e9 um teste. <\/p>\n<p>\u201cVamos avaliar como ser\u00e1 o comportamento do tr\u00e2nsito nos hor\u00e1rios de pico. Se for satisfat\u00f3rio e ajudar a desafogar o trevo, vamos manter aberto o retorno\u201d, diz.<\/p>\n<p><strong><em>Por Niza Souza<br \/>\nFoto: Cleber de Almeida<\/em><\/strong><\/p>\n","protected":false},"excerpt":{"rendered":"<p>Em encontro com a concession\u00e1ria, decidiu-se abrir o retorno da av. Humberto Cereser, pr\u00f3ximo ao 233<\/p>\n","protected":false},"author":10,"featured_media":0,"comment_status":"closed","ping_status":"closed","sticky":false,"template":"","format":"standard","meta":{"footnotes":""},"categories":[2],"tags":[],"ods":[],"class_list":["post-55942","post","type-post","status-publish","format-standard","hentry","category-noticias"],"_links":{"self":[{"href":"https:\/\/jundiai.sp.gov.br\/noticias\/wp-json\/wp\/v2\/posts\/55942","targetHints":{"allow":["GET"]}}],"collection":[{"href":"https:\/\/jundiai.sp.gov.br\/noticias\/wp-json\/wp\/v2\/posts"}],"about":[{"href":"https:\/\/jundiai.sp.gov.br\/noticias\/wp-json\/wp\/v2\/types\/post"}],"author":[{"embeddable":true,"href":"https:\/\/jundiai.sp.gov.br\/noticias\/wp-json\/wp\/v2\/users\/10"}],"replies":[{"embeddable":true,"href":"https:\/\/jundiai.sp.gov.br\/noticias\/wp-json\/wp\/v2\/comments?post=55942"}],"version-history":[{"count":2,"href":"https:\/\/jundiai.sp.gov.br\/noticias\/wp-json\/wp\/v2\/posts\/55942\/revisions"}],"predecessor-version":[{"id":132230,"href":"https:\/\/jundiai.sp.gov.br\/noticias\/wp-json\/wp\/v2\/posts\/55942\/revisions\/132230"}],"wp:attachment":[{"href":"https:\/\/jundiai.sp.gov.br\/noticias\/wp-json\/wp\/v2\/media?parent=55942"}],"wp:term":[{"taxonomy":"category","embeddable":true,"href":"https:\/\/jundiai.sp.gov.br\/noticias\/wp-json\/wp\/v2\/categories?post=55942"},{"taxonomy":"post_tag","embeddable":true,"href":"https:\/\/jundiai.sp.gov.br\/noticias\/wp-json\/wp\/v2\/tags?post=55942"},{"taxonomy":"ods","embeddable":true,"href":"https:\/\/jundiai.sp.gov.br\/noticias\/wp-json\/wp\/v2\/ods?post=55942"}],"curies":[{"name":"wp","href":"https:\/\/api.w.org\/{rel}","templated":true}]}}