{"id":57045,"date":"2013-04-11T09:59:06","date_gmt":"2013-04-11T12:59:06","guid":{"rendered":"https:\/\/jundiai.sp.gov.br\/noticias\/?p=57045"},"modified":"2016-11-04T13:07:55","modified_gmt":"2016-11-04T15:07:55","slug":"educacao-promove-atividade-de-capacitacao-no-polytheama","status":"publish","type":"post","link":"https:\/\/jundiai.sp.gov.br\/noticias\/2013\/04\/11\/educacao-promove-atividade-de-capacitacao-no-polytheama\/","title":{"rendered":"Educa\u00e7\u00e3o promove atividade de capacita\u00e7\u00e3o no Polytheama"},"content":{"rendered":"<p>Com o tema \u201cEducar e cuidar: diversidade de sentidos\u201d, a Secretaria Municipal de Educa\u00e7\u00e3o promoveu, nesta quarta-feira (10), o primeiro encontro de uma s\u00e9rie para a capacita\u00e7\u00e3o de professores e coordenadores que atuam com as crian\u00e7as da educa\u00e7\u00e3o infantil (creches e grupos de 3, 4 e 5 anos) da rede municipal de ensino.<\/p>\n<p><strong>Leia tamb\u00e9m<br \/>\n<a href=\"https:\/\/jundiai.sp.gov.br\/noticias\/2013\/04\/secretario-de-educacao-fala-sobre-a-pasta\/\" target=\"_blank\">Secret\u00e1rio de Educa\u00e7\u00e3o fala sobre a pasta<\/a><\/strong><\/p>\n<div id=\"attachment_128425\" style=\"width: 410px\" class=\"wp-caption alignleft\"><a href=\"https:\/\/jundiai.sp.gov.br\/noticias\/wp-content\/uploads\/sites\/32\/2013\/04\/Formacao_Continuada_A_18_G1.jpg\"><img loading=\"lazy\" decoding=\"async\" aria-describedby=\"caption-attachment-128425\" src=\"https:\/\/jundiai.sp.gov.br\/noticias\/wp-content\/uploads\/sites\/32\/2013\/04\/Formacao_Continuada_A_18_G1.jpg\" alt=\"Segundo o secret\u00e1rio de Educa\u00e7\u00e3o, ser\u00e3o realizados v\u00e1rios encontros\" width=\"400\" height=\"400\" class=\"size-full wp-image-128425\" \/><\/a><p id=\"caption-attachment-128425\" class=\"wp-caption-text\">Segundo o secret\u00e1rio de Educa\u00e7\u00e3o, ser\u00e3o realizados v\u00e1rios encontros<\/p><\/div>\n<p>Cerca de 600 pessoas participaram da atividade, no Teatro Polytheama. Entre elas, o secret\u00e1rio de Educa\u00e7\u00e3o e vice-prefeito, Durval Orlato.<\/p>\n<p>Ministrado pela doutora em psicologia da Educa\u00e7\u00e3o Ana Maria Mello, a palestra mostrou a import\u00e2ncia dos educadores verem as crian\u00e7as em sua totalidade e como cidad\u00e3os de direito. \u201cHoje n\u00e3o d\u00e1 para pensar o projeto pedag\u00f3gico sem considerar o bin\u00f4mio cuidar\/ educar. \u00c9 preciso ampliar a ideia do cuidado apenas como cuidado f\u00edsico. Temos que estar cientes, por exemplo, de que quando eu dou um banho em um beb\u00ea, eu estou educando ele\u201d, ressaltou.<\/p>\n<p>Para a diretoria de Educa\u00e7\u00e3o Infantil II, Isabel Cristina da Costa, o evento foi positivo. \u201cPudemos trocar experi\u00eancias, pois n\u00e3o foi apenas uma palestra, foi um momento para debater.\u201d<br \/>\n<strong><br \/>\nBoa not\u00edcia<\/strong><br \/>\nAproveitando a atividade, o secret\u00e1rio de Educa\u00e7\u00e3o afirmou que v\u00e1rias capacita\u00e7\u00f5es ser\u00e3o promovidas no decorrer do ano para todos os servidores da pasta. \u201cPor considerarmos isso muito importante, vamos realizar muitos desses encontros. Conforme a demanda for surgindo, pensaremos em novos temas e nas necessidades.\u201d<\/p>\n<p>Orlato tamb\u00e9m aproveitou para garantir que ser\u00e1 regulamentada na cidade o pagamento do 1\/3 extra classe aos docentes da rede. \u201cEstamos fazendo pesquisas. Isso \u00e9 de fato um compromisso. Vamos aplicar o ano que vem\u201d, frisou.<\/p>\n<p>Atualmente a Secretaria Municipal de Educa\u00e7\u00e3o conta com mais de 3,9 mil funcion\u00e1rios. Destes, cerca de 2 mil s\u00e3o professores.<\/p>\n<p><em><strong>Por Roberta de S\u00e1<br \/>\nFotos: Alessandro Rosman<\/strong><\/em><\/p>\n","protected":false},"excerpt":{"rendered":"<p>O objetivo da palestra foi mostrar a import\u00e2ncia dos educadores verem as crian\u00e7as como cidad\u00e3os de direito<\/p>\n","protected":false},"author":11,"featured_media":0,"comment_status":"closed","ping_status":"closed","sticky":false,"template":"","format":"standard","meta":{"footnotes":""},"categories":[2],"tags":[6,98],"ods":[],"class_list":["post-57045","post","type-post","status-publish","format-standard","hentry","category-noticias","tag-educacao","tag-teatro-polytheama"],"_links":{"self":[{"href":"https:\/\/jundiai.sp.gov.br\/noticias\/wp-json\/wp\/v2\/posts\/57045","targetHints":{"allow":["GET"]}}],"collection":[{"href":"https:\/\/jundiai.sp.gov.br\/noticias\/wp-json\/wp\/v2\/posts"}],"about":[{"href":"https:\/\/jundiai.sp.gov.br\/noticias\/wp-json\/wp\/v2\/types\/post"}],"author":[{"embeddable":true,"href":"https:\/\/jundiai.sp.gov.br\/noticias\/wp-json\/wp\/v2\/users\/11"}],"replies":[{"embeddable":true,"href":"https:\/\/jundiai.sp.gov.br\/noticias\/wp-json\/wp\/v2\/comments?post=57045"}],"version-history":[{"count":2,"href":"https:\/\/jundiai.sp.gov.br\/noticias\/wp-json\/wp\/v2\/posts\/57045\/revisions"}],"predecessor-version":[{"id":128426,"href":"https:\/\/jundiai.sp.gov.br\/noticias\/wp-json\/wp\/v2\/posts\/57045\/revisions\/128426"}],"wp:attachment":[{"href":"https:\/\/jundiai.sp.gov.br\/noticias\/wp-json\/wp\/v2\/media?parent=57045"}],"wp:term":[{"taxonomy":"category","embeddable":true,"href":"https:\/\/jundiai.sp.gov.br\/noticias\/wp-json\/wp\/v2\/categories?post=57045"},{"taxonomy":"post_tag","embeddable":true,"href":"https:\/\/jundiai.sp.gov.br\/noticias\/wp-json\/wp\/v2\/tags?post=57045"},{"taxonomy":"ods","embeddable":true,"href":"https:\/\/jundiai.sp.gov.br\/noticias\/wp-json\/wp\/v2\/ods?post=57045"}],"curies":[{"name":"wp","href":"https:\/\/api.w.org\/{rel}","templated":true}]}}