{"id":58181,"date":"2013-04-23T15:59:26","date_gmt":"2013-04-23T18:59:26","guid":{"rendered":"https:\/\/jundiai.sp.gov.br\/noticias\/?p=58181"},"modified":"2016-11-04T13:06:45","modified_gmt":"2016-11-04T15:06:45","slug":"prefeitura-anuncia-reabertura-da-ubs-pitangueiras","status":"publish","type":"post","link":"https:\/\/jundiai.sp.gov.br\/noticias\/2013\/04\/23\/prefeitura-anuncia-reabertura-da-ubs-pitangueiras\/","title":{"rendered":"Prefeitura anuncia reabertura da UBS Pitangueiras"},"content":{"rendered":"<p>O prefeito Pedro Bigardi e o secret\u00e1rio de Sa\u00fade, Cl\u00e1udio Miranda, anunciaram nesta ter\u00e7a-feira (23) a reabertura da Unidade B\u00e1sica de Sa\u00fade Pitangueiras para junho. Um dos principais motivos da decis\u00e3o foi a aus\u00eancia de atendimento aos moradores cadastrados da regi\u00e3o do Vianelo e Jardim Bonfiglioli na UBS Anhangaba\u00fa, para onde eles foram transferidos em dezembro de 2012 pelo governo anterior.<\/p>\n<p><strong>Mais<br \/>\n<a href=\"https:\/\/jundiai.sp.gov.br\/noticias\/2013\/04\/prefeito-tem-sinal-verde-para-a-terceira-upa\/\" target=\"_blank\">Prefeito tem sinal verde para a terceira UPA<\/a><\/strong><\/p>\n<div id=\"attachment_125268\" style=\"width: 410px\" class=\"wp-caption alignleft\"><a href=\"https:\/\/jundiai.sp.gov.br\/noticias\/wp-content\/uploads\/sites\/32\/2013\/04\/coletiva_ubs_pitangueiras_p_86G1.jpg\"><img loading=\"lazy\" decoding=\"async\" aria-describedby=\"caption-attachment-125268\" src=\"https:\/\/jundiai.sp.gov.br\/noticias\/wp-content\/uploads\/sites\/32\/2013\/04\/coletiva_ubs_pitangueiras_p_86G1.jpg\" alt=\"Prefeito e secret\u00e1rio de Sa\u00fade estiveram na sede da UBS Pitangueiras\" width=\"400\" height=\"400\" class=\"size-full wp-image-125268\" \/><\/a><p id=\"caption-attachment-125268\" class=\"wp-caption-text\">Prefeito e secret\u00e1rio de Sa\u00fade estiveram na sede da UBS Pitangueiras<\/p><\/div>\n<p>\u201cChegamos a uma solu\u00e7\u00e3o simples, como ocorreu com o PA Central 24 horas. O ideal seria um im\u00f3vel especial para a unidade de sa\u00fade, mas, diante da situa\u00e7\u00e3o apresentada pelos moradores, decidimos retomar o funcionamento no mesmo local onde j\u00e1 era feito este trabalho\u201d, afirmou Bigardi, que tamb\u00e9m j\u00e1 foi usu\u00e1rio da UBS da rua Inglaterra, n\u00ba 281, no Jardim Cica. O prazo previsto para reparos e forma\u00e7\u00e3o de equipe t\u00e9cnica \u00e9 de 40 dias.<\/p>\n<p>Com a decis\u00e3o, a UBS Anhangaba\u00fa poder\u00e1 ser revista para atender aos moradores daquela regi\u00e3o. De acordo com a Secretaria de Sa\u00fade, s\u00e3o 22 mil cadastrados da regi\u00e3o da Pitangueiras (18.750 deles ativos) e apenas 1 mil cadastrados do pr\u00f3prio bairro, que ainda tem grande parte de moradores vinculados \u00e0 UBS Central. \u201cMas dos 150 atendimentos di\u00e1rios, quase 80% \u00e9 feito para moradores vizinhos\u201d, explicou o secret\u00e1rio Cl\u00e1udio Miranda.<\/p>\n<p>Nos tr\u00eas primeiros meses do ano, a prioridade foi resolver os problemas t\u00e9cnicos da nova UBS, que inclu\u00edram a rede el\u00e9trica (com voltagem de 110 volts que inviabilizava o uso de computadores e outros aparelhos) e a rede hidr\u00e1ulica (com diversos vazamentos), constru\u00edda pela empresa respons\u00e1vel pelo Jundia\u00ed Shopping e quase interditada pelo atual governo.<\/p>\n<p>A medida vai ao encontro das manifesta\u00e7\u00f5es de moradores da regi\u00e3o do Vianelo e Bonfiglioli, contr\u00e1rios \u00e0 mudan\u00e7a realizada no ano passado.<\/p>\n<p><strong>Recome\u00e7o na UBS Anhangaba\u00fa <\/strong><br \/>\nCom a decis\u00e3o de reabertura da UBS Pitangueiras, o pr\u00e9dio novo (e refeito) da UBS Anhangaba\u00fa vai reencontrar o destino original, voltado para os moradores daquela regi\u00e3o da cidade.<\/p>\n<p>Em Jundia\u00ed, as UBS possuem equipes b\u00e1sicas formadas por cl\u00ednico geral, pediatra e ginecologista-obstetra, al\u00e9m de enfermeiro, t\u00e9cnicos e administrativos. Diversas unidades contam ainda com cirurgi\u00f5es-dentistas e agentes comunit\u00e1rios. Ao todo, contando as UBS (Unidades B\u00e1sicas de Sa\u00fade) e do PSF (Programa de Sa\u00fade da Fam\u00edlia), a rede conta com 37 unidades incluindo o retorno da UBS Pitangueiras.<\/p>\n<p><strong>Estrutura<\/strong><br \/>\nOutro ponto destacado pela prefeitura \u00e9 a reorganiza\u00e7\u00e3o do sistema municipal de sa\u00fade. De acordo com Miranda, o redimensionamento visa atender ao crescimento da cidade tornando as unidades b\u00e1sicas mais resolutivas e com recursos regionalizados para as urg\u00eancias. \u201cExistem coisas simples, como um desfibrilador em cada unidade que hoje n\u00e3o temos para emerg\u00eancias card\u00edacas\u201d, explicou.<\/p>\n<p>Ao mesmo tempo, o secret\u00e1rio e o prefeito anunciaram o encaminhamento do projeto de reformas e amplia\u00e7\u00f5es da rede de UBS.<\/p>\n<div id=\"attachment_125269\" style=\"width: 410px\" class=\"wp-caption alignright\"><a href=\"https:\/\/jundiai.sp.gov.br\/noticias\/wp-content\/uploads\/sites\/32\/2013\/04\/coletiva_ubs_pitangueiras_p_46G.jpg\"><img loading=\"lazy\" decoding=\"async\" aria-describedby=\"caption-attachment-125269\" src=\"https:\/\/jundiai.sp.gov.br\/noticias\/wp-content\/uploads\/sites\/32\/2013\/04\/coletiva_ubs_pitangueiras_p_46G.jpg\" alt=\"Entrevista com imprensa foi realizada no Pa\u00e7o Municipal\" width=\"400\" height=\"400\" class=\"size-full wp-image-125269\" \/><\/a><p id=\"caption-attachment-125269\" class=\"wp-caption-text\">Entrevista com imprensa foi realizada no Pa\u00e7o Municipal<\/p><\/div>\n<p>\u201cEstivemos focados em garantir as quatro UPAs (Unidades de Pronto-Atendimento) que, ao lado de dois PAs (pronto-atendimento), v\u00e3o permitir uma rede intermedi\u00e1ria de emerg\u00eancias. De acordo com o ministro Alexandre Padilha, at\u00e9 90% dos casos s\u00e3o resolvidos nessas unidades, evitando a superlota\u00e7\u00e3o do S\u00e3o Vicente. Agora estivemos tamb\u00e9m buscando o projeto para as UBS\u201d, afirmou o prefeito Pedro Bigardi.<\/p>\n<p>O secret\u00e1rio de Educa\u00e7\u00e3o, Durval Orlato, visitou a rede de escolas e creches, e o secret\u00e1rio de Sa\u00fade, Cl\u00e1udio Miranda, tamb\u00e9m esteve em toda a rede de unidades b\u00e1sicas e de sa\u00fade da fam\u00edlia, o prefeito Pedro Bigardi destacou o esfor\u00e7o do governo de melhorar a rede de servi\u00e7os p\u00fablicos.<\/p>\n<p>Para o secret\u00e1rio Cl\u00e1udio Miranda, o projeto da \u00e1rea de Aten\u00e7\u00e3o B\u00e1sica em negocia\u00e7\u00e3o com o Minist\u00e9rio da Sa\u00fade envolve pelo menos 20 unidades em reformas e amplia\u00e7\u00f5es e 5 unidades com novas sedes que ser\u00e3o anunciadas depois da aprova\u00e7\u00e3o federal. \u201cA autoriza\u00e7\u00e3o de novas vagas, aprovada pela C\u00e2mara, tamb\u00e9m vai colaborar no aspecto das equipes\u201d, explicou.<\/p>\n<p><em><strong>Por Jos\u00e9 Arnaldo de Oliveira<br \/>\nFotos: Paulo Gr\u00e9gio<\/strong><\/em><\/p>\n","protected":false},"excerpt":{"rendered":"<p>O prazo previsto para reparos e forma\u00e7\u00e3o de equipe t\u00e9cnica \u00e9 de 40 dias<\/p>\n","protected":false},"author":11,"featured_media":0,"comment_status":"closed","ping_status":"closed","sticky":false,"template":"","format":"standard","meta":{"footnotes":""},"categories":[2],"tags":[3],"ods":[],"class_list":["post-58181","post","type-post","status-publish","format-standard","hentry","category-noticias","tag-saude"],"_links":{"self":[{"href":"https:\/\/jundiai.sp.gov.br\/noticias\/wp-json\/wp\/v2\/posts\/58181","targetHints":{"allow":["GET"]}}],"collection":[{"href":"https:\/\/jundiai.sp.gov.br\/noticias\/wp-json\/wp\/v2\/posts"}],"about":[{"href":"https:\/\/jundiai.sp.gov.br\/noticias\/wp-json\/wp\/v2\/types\/post"}],"author":[{"embeddable":true,"href":"https:\/\/jundiai.sp.gov.br\/noticias\/wp-json\/wp\/v2\/users\/11"}],"replies":[{"embeddable":true,"href":"https:\/\/jundiai.sp.gov.br\/noticias\/wp-json\/wp\/v2\/comments?post=58181"}],"version-history":[{"count":2,"href":"https:\/\/jundiai.sp.gov.br\/noticias\/wp-json\/wp\/v2\/posts\/58181\/revisions"}],"predecessor-version":[{"id":125270,"href":"https:\/\/jundiai.sp.gov.br\/noticias\/wp-json\/wp\/v2\/posts\/58181\/revisions\/125270"}],"wp:attachment":[{"href":"https:\/\/jundiai.sp.gov.br\/noticias\/wp-json\/wp\/v2\/media?parent=58181"}],"wp:term":[{"taxonomy":"category","embeddable":true,"href":"https:\/\/jundiai.sp.gov.br\/noticias\/wp-json\/wp\/v2\/categories?post=58181"},{"taxonomy":"post_tag","embeddable":true,"href":"https:\/\/jundiai.sp.gov.br\/noticias\/wp-json\/wp\/v2\/tags?post=58181"},{"taxonomy":"ods","embeddable":true,"href":"https:\/\/jundiai.sp.gov.br\/noticias\/wp-json\/wp\/v2\/ods?post=58181"}],"curies":[{"name":"wp","href":"https:\/\/api.w.org\/{rel}","templated":true}]}}