{"id":59035,"date":"2013-05-03T11:43:00","date_gmt":"2013-05-03T14:43:00","guid":{"rendered":"https:\/\/jundiai.sp.gov.br\/noticias\/?p=59035"},"modified":"2016-11-04T13:06:09","modified_gmt":"2016-11-04T15:06:09","slug":"basquete-masculino-sub21-joga-em-mococa","status":"publish","type":"post","link":"https:\/\/jundiai.sp.gov.br\/noticias\/2013\/05\/03\/basquete-masculino-sub21-joga-em-mococa\/","title":{"rendered":"Basquete Masculino Sub21 joga em Mococa"},"content":{"rendered":"<p>A categoria Sub21 do Jundia\u00ed Clube entra em quadra neste s\u00e1bado (4) pela Associa\u00e7\u00e3o Regional de Basquete. Na segunda rodada do returno, o advers\u00e1rio ser\u00e1 o A.E. Mocoquense, \u00e0s 18h, em Mococa.<\/p>\n<p><strong>Mais<br \/>\n<a href=\"https:\/\/jundiai.sp.gov.br\/noticias\/2013\/05\/equipe-feminina-adulta-de-volei-consegue-a-reabilitacao\/\" target=\"_blank\">Equipe feminina adulta de v\u00f4lei consegue a reabilita\u00e7\u00e3o<\/a><\/strong><\/p>\n<p><div id=\"attachment_145875\" style=\"width: 410px\" class=\"wp-caption alignleft\"><a href=\"https:\/\/jundiai.sp.gov.br\/noticias\/wp-content\/uploads\/sites\/32\/2013\/05\/basquete_masculino_c_37G.jpg\"><img loading=\"lazy\" decoding=\"async\" aria-describedby=\"caption-attachment-145875\" src=\"https:\/\/jundiai.sp.gov.br\/noticias\/wp-content\/uploads\/sites\/32\/2013\/05\/basquete_masculino_c_37G-720x575.jpg\" alt=\"Equipe de Edison Luiz Mina lidera a competi\u00e7\u00e3o\" width=\"400\" height=\"400\" class=\"size-large wp-image-145875\" \/><\/a><p id=\"caption-attachment-145875\" class=\"wp-caption-text\">Equipe de Edison Luiz Mina lidera a competi\u00e7\u00e3o<\/p><\/div>A equipe jundiaiense lidera a competi\u00e7\u00e3o, com seis vit\u00f3rias conquistadas e uma derrota sofrida. No primeiro turno, venceu o advers\u00e1rio deste final de semana por 76 a 71, em Jundia\u00ed.<\/p>\n<p>\u201cSer\u00e1 uma partida complicada e j\u00e1 tivemos uma prova disso no primeiro turno. Vencemos por pouca diferen\u00e7a e agora jogaremos desfalcados. Precisamos de uma defesa forte para sair com um bom resultado\u201d, disse o t\u00e9cnico Edison Luiz Mina.<\/p>\n<p>O Jundia\u00ed Clube conta com apoio da Secretaria Adjunta de Esportes.<\/p>\n<p><strong><br \/>\nEscolinhas<\/strong><br \/>\nAs escolinhas do basquete masculino acontecem nos centros esportivos Pedro Raymundo, na Vila Rio Branco, \u00e0s ter\u00e7as-feiras e quintas-feiras \u00e0 tarde e segundas, quartas e sextas pela manh\u00e3; no Aramis Polli, na Vila Hortol\u00e2ndia, \u00e0s ter\u00e7as-feiras e quintas-feiras pela manh\u00e3; e no Benedito de Lima, no Retiro, \u00e0s quartas e sextas-feiras pela manh\u00e3.<br \/>\n<strong><br \/>\n<em>Por F\u00e1bio Manzini<\/em><br \/>\n<em> Fotos: Cleber de Almeida<\/em><\/strong><\/p>\n","protected":false},"excerpt":{"rendered":"<p>A equipe jundiaiense lidera a competi\u00e7\u00e3o, com seis vit\u00f3rias conquistadas e uma derrota sofrida<\/p>\n","protected":false},"author":11,"featured_media":0,"comment_status":"closed","ping_status":"closed","sticky":false,"template":"","format":"standard","meta":{"footnotes":""},"categories":[2],"tags":[106,35],"ods":[],"class_list":["post-59035","post","type-post","status-publish","format-standard","hentry","category-noticias","tag-basquete","tag-esporte-e-lazer"],"_links":{"self":[{"href":"https:\/\/jundiai.sp.gov.br\/noticias\/wp-json\/wp\/v2\/posts\/59035","targetHints":{"allow":["GET"]}}],"collection":[{"href":"https:\/\/jundiai.sp.gov.br\/noticias\/wp-json\/wp\/v2\/posts"}],"about":[{"href":"https:\/\/jundiai.sp.gov.br\/noticias\/wp-json\/wp\/v2\/types\/post"}],"author":[{"embeddable":true,"href":"https:\/\/jundiai.sp.gov.br\/noticias\/wp-json\/wp\/v2\/users\/11"}],"replies":[{"embeddable":true,"href":"https:\/\/jundiai.sp.gov.br\/noticias\/wp-json\/wp\/v2\/comments?post=59035"}],"version-history":[{"count":2,"href":"https:\/\/jundiai.sp.gov.br\/noticias\/wp-json\/wp\/v2\/posts\/59035\/revisions"}],"predecessor-version":[{"id":145874,"href":"https:\/\/jundiai.sp.gov.br\/noticias\/wp-json\/wp\/v2\/posts\/59035\/revisions\/145874"}],"wp:attachment":[{"href":"https:\/\/jundiai.sp.gov.br\/noticias\/wp-json\/wp\/v2\/media?parent=59035"}],"wp:term":[{"taxonomy":"category","embeddable":true,"href":"https:\/\/jundiai.sp.gov.br\/noticias\/wp-json\/wp\/v2\/categories?post=59035"},{"taxonomy":"post_tag","embeddable":true,"href":"https:\/\/jundiai.sp.gov.br\/noticias\/wp-json\/wp\/v2\/tags?post=59035"},{"taxonomy":"ods","embeddable":true,"href":"https:\/\/jundiai.sp.gov.br\/noticias\/wp-json\/wp\/v2\/ods?post=59035"}],"curies":[{"name":"wp","href":"https:\/\/api.w.org\/{rel}","templated":true}]}}