{"id":59089,"date":"2013-05-03T17:07:12","date_gmt":"2013-05-03T20:07:12","guid":{"rendered":"https:\/\/jundiai.sp.gov.br\/noticias\/?p=59089"},"modified":"2016-11-04T10:56:57","modified_gmt":"2016-11-04T12:56:57","slug":"equipe-de-ginastica-artistica-compete-em-indaiatuba","status":"publish","type":"post","link":"https:\/\/jundiai.sp.gov.br\/noticias\/2013\/05\/03\/equipe-de-ginastica-artistica-compete-em-indaiatuba\/","title":{"rendered":"Equipe de gin\u00e1stica art\u00edstica compete em Indaiatuba"},"content":{"rendered":"<p>A equipe feminina Ajigo\/Jundia\u00ed disputa neste s\u00e1bado (4) a Liga Intermunicipal de Gin\u00e1stica Art\u00edstica. A competi\u00e7\u00e3o acontece em Indaiatuba, a partir das 8h, e envolve as categorias pr\u00e9-infantil e infantil.<\/p>\n<p><strong>Mais<br \/>\n<a href=\"https:\/\/jundiai.sp.gov.br\/noticias\/2013\/05\/atletismo-disputa-competicao-em-campinas\/\" target=\"_blank\">Atletismo disputa competi\u00e7\u00e3o em Campinas<\/a><\/strong><\/p>\n<p><div id=\"attachment_145817\" style=\"width: 410px\" class=\"wp-caption alignleft\"><a href=\"https:\/\/jundiai.sp.gov.br\/noticias\/wp-content\/uploads\/sites\/32\/2013\/05\/ginastica_artistica_d28G.jpg\"><img loading=\"lazy\" decoding=\"async\" aria-describedby=\"caption-attachment-145817\" src=\"https:\/\/jundiai.sp.gov.br\/noticias\/wp-content\/uploads\/sites\/32\/2013\/05\/ginastica_artistica_d28G-720x593.jpg\" alt=\"Marco Antonio Fernandes, o Pirica, comanda a equipe feminina da gin\u00e1stica\" width=\"400\" height=\"400\" class=\"size-large wp-image-145817\" \/><\/a><p id=\"caption-attachment-145817\" class=\"wp-caption-text\">Marco Antonio Fernandes, o Pirica, comanda a equipe feminina da gin\u00e1stica<\/p><\/div>A equipe jundiaiense ser\u00e1 representada por 11 atletas. S\u00e3o oito da categoria pr\u00e9-infantil: Tarsila Ikeda, L\u00edvia Amores, L\u00edvia Cristina, Viviane Mattos, Bruna Leonard, Maria Eduarda dos Anjos, Tarsilla Rodrigues e Ana Carolina Rigolino e mais tr\u00eas da categoria infantil: Maria Eduarda Cecatto, Tiffany Carvalho e Eduarda Dias.<\/p>\n<p>\u201c\u00c9 nossa primeira competi\u00e7\u00e3o e vamos com meninas na faixa et\u00e1ria de 7 anos a 13 anos. Ser\u00e1 a chance de colocarem em pr\u00e1tica o que foi treinado e de vivenciarem uma competi\u00e7\u00e3o de n\u00edvel t\u00e3o forte. Elas v\u00e3o encarar equipes que s\u00e3o &#8216;trampolim&#8217; para a sele\u00e7\u00e3o como Barueri, Hortol\u00e2ndia e Centro Ol\u00edmpico. Ser\u00e1 uma experi\u00eancia boa para elas\u201d, disse o t\u00e9cnico Marco Antonio Fernandes, o Pirica, que comanda a equipe ao lado da t\u00e9cnica Cristiana Miyamoto.<\/p>\n<p>A equipe conta com o apoio da Secretaria Adjunta de Esportes.<\/p>\n<p><em><strong>Por F\u00e1bio Manzini<br \/>\nFotos: Dorival Pinheiro Filho<\/strong><\/em><\/p>\n","protected":false},"excerpt":{"rendered":"<p>As competidoras pr\u00e9-infantil e infantil contam com o apoio da Secretaria Adjunta de Esportes<\/p>\n","protected":false},"author":11,"featured_media":0,"comment_status":"closed","ping_status":"closed","sticky":false,"template":"","format":"standard","meta":{"footnotes":""},"categories":[2],"tags":[35,136],"ods":[],"class_list":["post-59089","post","type-post","status-publish","format-standard","hentry","category-noticias","tag-esporte-e-lazer","tag-ginastica-artistica"],"_links":{"self":[{"href":"https:\/\/jundiai.sp.gov.br\/noticias\/wp-json\/wp\/v2\/posts\/59089","targetHints":{"allow":["GET"]}}],"collection":[{"href":"https:\/\/jundiai.sp.gov.br\/noticias\/wp-json\/wp\/v2\/posts"}],"about":[{"href":"https:\/\/jundiai.sp.gov.br\/noticias\/wp-json\/wp\/v2\/types\/post"}],"author":[{"embeddable":true,"href":"https:\/\/jundiai.sp.gov.br\/noticias\/wp-json\/wp\/v2\/users\/11"}],"replies":[{"embeddable":true,"href":"https:\/\/jundiai.sp.gov.br\/noticias\/wp-json\/wp\/v2\/comments?post=59089"}],"version-history":[{"count":2,"href":"https:\/\/jundiai.sp.gov.br\/noticias\/wp-json\/wp\/v2\/posts\/59089\/revisions"}],"predecessor-version":[{"id":145814,"href":"https:\/\/jundiai.sp.gov.br\/noticias\/wp-json\/wp\/v2\/posts\/59089\/revisions\/145814"}],"wp:attachment":[{"href":"https:\/\/jundiai.sp.gov.br\/noticias\/wp-json\/wp\/v2\/media?parent=59089"}],"wp:term":[{"taxonomy":"category","embeddable":true,"href":"https:\/\/jundiai.sp.gov.br\/noticias\/wp-json\/wp\/v2\/categories?post=59089"},{"taxonomy":"post_tag","embeddable":true,"href":"https:\/\/jundiai.sp.gov.br\/noticias\/wp-json\/wp\/v2\/tags?post=59089"},{"taxonomy":"ods","embeddable":true,"href":"https:\/\/jundiai.sp.gov.br\/noticias\/wp-json\/wp\/v2\/ods?post=59089"}],"curies":[{"name":"wp","href":"https:\/\/api.w.org\/{rel}","templated":true}]}}