{"id":59374,"date":"2013-05-07T17:45:09","date_gmt":"2013-05-07T20:45:09","guid":{"rendered":"https:\/\/jundiai.sp.gov.br\/noticias\/?p=59374"},"modified":"2016-11-04T13:03:52","modified_gmt":"2016-11-04T15:03:52","slug":"natureza-morta-o-teatro-das-coisas-promove-mesa-redonda","status":"publish","type":"post","link":"https:\/\/jundiai.sp.gov.br\/noticias\/2013\/05\/07\/natureza-morta-o-teatro-das-coisas-promove-mesa-redonda\/","title":{"rendered":"&#8216;Natureza morta, o teatro das coisas&#8217; promove mesa redonda"},"content":{"rendered":"<p>Aberta s\u00e1bado (4) no Teatro Polytheama, a exposi\u00e7\u00e3o \u201cNatureza morta, o teatro das coisas\u201d, apresenta ao p\u00fablico a import\u00e2ncia e a simplicidade dos objetos no nosso cotidiano. A mostra ficar\u00e1 aberta at\u00e9 o pr\u00f3ximo dia 23 (quinta-feira).<\/p>\n<p><strong>Mais<br \/>\n<a href=\"https:\/\/jundiai.sp.gov.br\/noticias\/2013\/05\/as-noivas-de-nelson-em-cartaz-na-terca-no-polytheama\/\" target=\"_blank\">\u2018As noivas de Nelson\u2019 em cartaz na ter\u00e7a, no Polytheama<\/a><\/strong><\/p>\n<p><div id=\"attachment_134940\" style=\"width: 410px\" class=\"wp-caption alignleft\"><a href=\"https:\/\/jundiai.sp.gov.br\/noticias\/wp-content\/uploads\/sites\/32\/2013\/05\/exposicao_artes_natureza_morta_polytheama_c_16_G.jpg\"><img loading=\"lazy\" decoding=\"async\" aria-describedby=\"caption-attachment-134940\" src=\"https:\/\/jundiai.sp.gov.br\/noticias\/wp-content\/uploads\/sites\/32\/2013\/05\/exposicao_artes_natureza_morta_polytheama_c_16_G-720x520.jpg\" alt=\"P\u00fablico se interessa pelas obras de \u201cNatureza morta\u201d\" width=\"400\" height=\"400\" class=\"size-large wp-image-134940\" \/><\/a><p id=\"caption-attachment-134940\" class=\"wp-caption-text\">P\u00fablico se interessa pelas obras de \u201cNatureza morta\u201d<\/p><\/div>A integrante do grupo C\u00e2mbio, respons\u00e1vel pela mostra, Tamara Andrade, elogiou a galeria Fernanda Perracini Milani e o p\u00fablico jundiaiense. \u201cO espa\u00e7o e a ilumina\u00e7\u00e3o s\u00e3o \u00f3timos. Al\u00e9m disso, os visitantes estavam curiosos. Mostraram interesse e pediam explica\u00e7\u00f5es sobre as obras, foi incr\u00edvel.\u201d<\/p>\n<p>Dando continuidade ao evento, est\u00e1 programada para o pr\u00f3ximo dia 18 (s\u00e1bado) uma mesa redonda, que dar\u00e1 oportunidade ao p\u00fablico de interagir com os artistas que participaram da \u201cNatureza morta\u201d.<\/p>\n<p style=\"text-align: justify;\">&nbsp;<\/p>\n<p style=\"text-align: justify;\">&nbsp;<\/p>\n<p><strong>Informa\u00e7\u00f5es<br \/>\nGaleria Fernanda Ferracini Milani<\/strong><br \/>\n<strong>Local:<\/strong> Teatro Polytheama<br \/>\n<strong>Endere\u00e7o:<\/strong> rua Bar\u00e3o de Jundia\u00ed, n\u00ba 176 &#8211; Centro<br \/>\n<strong>Telefone:<\/strong> (11) 4586-2326<br \/>\n<strong>Entrada gratuita<\/strong><\/p>\n","protected":false},"excerpt":{"rendered":"<p>Com entrada gratuita, a mostra ficar\u00e1 aberta, no Teatro Polytheama, at\u00e9 o pr\u00f3ximo dia 23<\/p>\n","protected":false},"author":11,"featured_media":0,"comment_status":"closed","ping_status":"closed","sticky":false,"template":"","format":"standard","meta":{"footnotes":""},"categories":[2],"tags":[29],"ods":[],"class_list":["post-59374","post","type-post","status-publish","format-standard","hentry","category-noticias","tag-cultura"],"_links":{"self":[{"href":"https:\/\/jundiai.sp.gov.br\/noticias\/wp-json\/wp\/v2\/posts\/59374","targetHints":{"allow":["GET"]}}],"collection":[{"href":"https:\/\/jundiai.sp.gov.br\/noticias\/wp-json\/wp\/v2\/posts"}],"about":[{"href":"https:\/\/jundiai.sp.gov.br\/noticias\/wp-json\/wp\/v2\/types\/post"}],"author":[{"embeddable":true,"href":"https:\/\/jundiai.sp.gov.br\/noticias\/wp-json\/wp\/v2\/users\/11"}],"replies":[{"embeddable":true,"href":"https:\/\/jundiai.sp.gov.br\/noticias\/wp-json\/wp\/v2\/comments?post=59374"}],"version-history":[{"count":4,"href":"https:\/\/jundiai.sp.gov.br\/noticias\/wp-json\/wp\/v2\/posts\/59374\/revisions"}],"predecessor-version":[{"id":134938,"href":"https:\/\/jundiai.sp.gov.br\/noticias\/wp-json\/wp\/v2\/posts\/59374\/revisions\/134938"}],"wp:attachment":[{"href":"https:\/\/jundiai.sp.gov.br\/noticias\/wp-json\/wp\/v2\/media?parent=59374"}],"wp:term":[{"taxonomy":"category","embeddable":true,"href":"https:\/\/jundiai.sp.gov.br\/noticias\/wp-json\/wp\/v2\/categories?post=59374"},{"taxonomy":"post_tag","embeddable":true,"href":"https:\/\/jundiai.sp.gov.br\/noticias\/wp-json\/wp\/v2\/tags?post=59374"},{"taxonomy":"ods","embeddable":true,"href":"https:\/\/jundiai.sp.gov.br\/noticias\/wp-json\/wp\/v2\/ods?post=59374"}],"curies":[{"name":"wp","href":"https:\/\/api.w.org\/{rel}","templated":true}]}}