{"id":59930,"date":"2013-05-13T18:36:40","date_gmt":"2013-05-13T21:36:40","guid":{"rendered":"https:\/\/jundiai.sp.gov.br\/noticias\/?p=59930"},"modified":"2016-11-04T13:01:44","modified_gmt":"2016-11-04T15:01:44","slug":"prefeito-se-reune-com-conselho-de-pastores","status":"publish","type":"post","link":"https:\/\/jundiai.sp.gov.br\/noticias\/2013\/05\/13\/prefeito-se-reune-com-conselho-de-pastores\/","title":{"rendered":"Prefeito se re\u00fane com Conselho de Pastores"},"content":{"rendered":"<p>O prefeito Pedro Bigardi se reuniu, neste s\u00e1bado (11), com membros do Conpas (Conselho dos Pastores de Jundia\u00ed) para um caf\u00e9 da manh\u00e3.<\/p>\n<p>Durante o encontro, o prefeito ouviu os pastores e falou um pouco sobre os primeiros meses de governo. \u201c\u00c9 um prazer estar aqui. Essa aproxima\u00e7\u00e3o \u00e9 importante, pois voc\u00eas nos trazem ideias de projetos. O di\u00e1logo \u00e9 essencial.&#8221;<\/p>\n<p><strong>Mais<br \/>\n<a href=\"https:\/\/jundiai.sp.gov.br\/noticias\/2013\/05\/balanco-do-governo-e-apresentado-aos-colaboradores-da-astra\/\" target=\"_blank\">Balan\u00e7o da gest\u00e3o \u00e9 apresentado a colaboradores da Astra<\/a><\/strong><\/p>\n<div id=\"attachment_131653\" style=\"width: 730px\" class=\"wp-caption aligncenter\"><a href=\"https:\/\/jundiai.sp.gov.br\/noticias\/wp-content\/uploads\/sites\/32\/2013\/05\/conpas_cafe_manha_d26g1.jpg\"><img loading=\"lazy\" decoding=\"async\" aria-describedby=\"caption-attachment-131653\" src=\"https:\/\/jundiai.sp.gov.br\/noticias\/wp-content\/uploads\/sites\/32\/2013\/05\/conpas_cafe_manha_d26g1-720x487.jpg\" alt=\"Prefeito conversa com pastores sobre o trabalho do governo\" width=\"720\" height=\"487\" class=\"size-large wp-image-131653\" srcset=\"https:\/\/jundiai.sp.gov.br\/noticias\/wp-content\/uploads\/sites\/32\/2013\/05\/conpas_cafe_manha_d26g1-720x487.jpg 720w, https:\/\/jundiai.sp.gov.br\/noticias\/wp-content\/uploads\/sites\/32\/2013\/05\/conpas_cafe_manha_d26g1-300x202.jpg 300w, https:\/\/jundiai.sp.gov.br\/noticias\/wp-content\/uploads\/sites\/32\/2013\/05\/conpas_cafe_manha_d26g1.jpg 1240w\" sizes=\"auto, (max-width: 720px) 100vw, 720px\" \/><\/a><p id=\"caption-attachment-131653\" class=\"wp-caption-text\">Prefeito conversa com pastores sobre o trabalho do governo<\/p><\/div>\n<p>O prefeito aproveitou a oportunidade explicou a\u00e7\u00f5es importantes realizadas na cidade, como a abertura do PA Central 24 horas e a reforma do Hospital S\u00e3o Vicente de Paulo. Falou ainda sobre o mutir\u00e3o de cirurgias eletivas realizado no Hospital Universit\u00e1rio e o projeto do novo hospital, com 300 leitos, entre outros projetos. \u201cA sa\u00fade \u00e9 um grande desafio. \u00c9 uma \u00e1rea dif\u00edcil, mas estamos trabalhando muito para fazer o melhor para a cidade.\u201d<\/p>\n<p>O presidente do Conpas, Maur\u00edcio Silva de Ara\u00fajo, entregou ao prefeito o livro \u2018Palavras para a Mente e Cora\u00e7\u00e3o\u2019, escrito por ele. Al\u00e9m disso, destacou que o Conselho \u00e9 apartid\u00e1rio e que as igrejas est\u00e3o dispostas a colaborar com a administra\u00e7\u00e3o. \u201cNa quest\u00e3o do tratamento de dependentes qu\u00edmicos, por exemplo, temos feito um trabalho em centros terap\u00eauticos da cidade que pode servir como exemplo.\u201d<\/p>\n<p>Tamb\u00e9m participaram do encontro o secret\u00e1rio de Sa\u00fade, Cl\u00e1udio Miranda, e o vereador Dirlei Gon\u00e7alves.<\/p>\n<p><em><strong>Por Luana Dias<br \/>\nFotos: Dorival Pinheiro Filho<\/strong><\/em><\/p>\n","protected":false},"excerpt":{"rendered":"<p>Durante o encontro, o prefeito ouviu os pastores e falou um pouco sobre os primeiros meses de governo<\/p>\n","protected":false},"author":11,"featured_media":0,"comment_status":"closed","ping_status":"closed","sticky":false,"template":"","format":"standard","meta":{"footnotes":""},"categories":[2],"tags":[143,58],"ods":[],"class_list":["post-59930","post","type-post","status-publish","format-standard","hentry","category-noticias","tag-conpas","tag-prefeito"],"_links":{"self":[{"href":"https:\/\/jundiai.sp.gov.br\/noticias\/wp-json\/wp\/v2\/posts\/59930","targetHints":{"allow":["GET"]}}],"collection":[{"href":"https:\/\/jundiai.sp.gov.br\/noticias\/wp-json\/wp\/v2\/posts"}],"about":[{"href":"https:\/\/jundiai.sp.gov.br\/noticias\/wp-json\/wp\/v2\/types\/post"}],"author":[{"embeddable":true,"href":"https:\/\/jundiai.sp.gov.br\/noticias\/wp-json\/wp\/v2\/users\/11"}],"replies":[{"embeddable":true,"href":"https:\/\/jundiai.sp.gov.br\/noticias\/wp-json\/wp\/v2\/comments?post=59930"}],"version-history":[{"count":3,"href":"https:\/\/jundiai.sp.gov.br\/noticias\/wp-json\/wp\/v2\/posts\/59930\/revisions"}],"predecessor-version":[{"id":131652,"href":"https:\/\/jundiai.sp.gov.br\/noticias\/wp-json\/wp\/v2\/posts\/59930\/revisions\/131652"}],"wp:attachment":[{"href":"https:\/\/jundiai.sp.gov.br\/noticias\/wp-json\/wp\/v2\/media?parent=59930"}],"wp:term":[{"taxonomy":"category","embeddable":true,"href":"https:\/\/jundiai.sp.gov.br\/noticias\/wp-json\/wp\/v2\/categories?post=59930"},{"taxonomy":"post_tag","embeddable":true,"href":"https:\/\/jundiai.sp.gov.br\/noticias\/wp-json\/wp\/v2\/tags?post=59930"},{"taxonomy":"ods","embeddable":true,"href":"https:\/\/jundiai.sp.gov.br\/noticias\/wp-json\/wp\/v2\/ods?post=59930"}],"curies":[{"name":"wp","href":"https:\/\/api.w.org\/{rel}","templated":true}]}}