{"id":61493,"date":"2013-06-03T17:38:39","date_gmt":"2013-06-03T20:38:39","guid":{"rendered":"https:\/\/jundiai.sp.gov.br\/noticias\/?p=61493"},"modified":"2016-11-04T11:47:35","modified_gmt":"2016-11-04T13:47:35","slug":"meio-ambiente-professores-da-rede-municipal-farao-capacitacao","status":"publish","type":"post","link":"https:\/\/jundiai.sp.gov.br\/noticias\/2013\/06\/03\/meio-ambiente-professores-da-rede-municipal-farao-capacitacao\/","title":{"rendered":"Meio Ambiente: Professores da rede municipal far\u00e3o capacita\u00e7\u00e3o"},"content":{"rendered":"<p>No Dia do Meio Ambiente, 5 de junho, professores da rede municipal de ensino participar\u00e3o de um programa de capacita\u00e7\u00e3o sobre a &#8220;Pol\u00edtica Municipal de Educa\u00e7\u00e3o Ambiental\u201d, que ser\u00e1 realizado pela Secretaria de Educa\u00e7\u00e3o, no Parque Comendador Antonio Carbonari.<\/p>\n<p>De acordo com a programa\u00e7\u00e3o, ser\u00e1 realizada palestra sobre Educa\u00e7\u00e3o Ambiental com a professora Juliana Rink, licenciada em Ci\u00eancias Biol\u00f3gicas pela Unicamp, mestre e doutoranda pela mesma universidade, professora, pesquisadora e coordenadora pedag\u00f3gica na \u00e1rea de Educa\u00e7\u00e3o Ambiental da Fatec Jundia\u00ed e coordenadora do curso superior de Tecnologia em Gest\u00e3o Ambiental do Unianchieta. Haver\u00e1 ainda, apresenta\u00e7\u00e3o teatral do N\u00facleo de Educa\u00e7\u00e3o da Zoonoses.<\/p>\n<p><strong>Hor\u00e1rios para os professores:<\/strong><br \/>\n<strong>9h &#8211;<\/strong> para os professores que cumprem hor\u00e1rio de estudos no per\u00edodo da manh\u00e3;<br \/>\n<strong>14h &#8211;<\/strong> para os professores que cumprem hor\u00e1rio de estudos no per\u00edodo da tarde.<\/p>\n<p>As equipes gestoras dever\u00e3o se dividir para acompanhar os professores.<\/p>\n","protected":false},"excerpt":{"rendered":"<p>No Dia do Meio Ambiente, 5 de junho, professores da rede municipal de ensino participar\u00e3o de um programa de capacita\u00e7\u00e3o sobre a &#8220;Pol\u00edtica Municipal de Educa\u00e7\u00e3o Ambiental\u201d, que ser\u00e1 realizado pela Secretaria de Educa\u00e7\u00e3o, no Parque Comendador Antonio Carbonari. De acordo com a programa\u00e7\u00e3o, ser\u00e1 realizada palestra sobre Educa\u00e7\u00e3o Ambiental com a professora Juliana Rink, [&hellip;]<\/p>\n","protected":false},"author":10,"featured_media":0,"comment_status":"closed","ping_status":"closed","sticky":false,"template":"","format":"standard","meta":{"footnotes":""},"categories":[2],"tags":[6,141],"ods":[],"class_list":["post-61493","post","type-post","status-publish","format-standard","hentry","category-noticias","tag-educacao","tag-mes-do-meio-ambiente"],"_links":{"self":[{"href":"https:\/\/jundiai.sp.gov.br\/noticias\/wp-json\/wp\/v2\/posts\/61493","targetHints":{"allow":["GET"]}}],"collection":[{"href":"https:\/\/jundiai.sp.gov.br\/noticias\/wp-json\/wp\/v2\/posts"}],"about":[{"href":"https:\/\/jundiai.sp.gov.br\/noticias\/wp-json\/wp\/v2\/types\/post"}],"author":[{"embeddable":true,"href":"https:\/\/jundiai.sp.gov.br\/noticias\/wp-json\/wp\/v2\/users\/10"}],"replies":[{"embeddable":true,"href":"https:\/\/jundiai.sp.gov.br\/noticias\/wp-json\/wp\/v2\/comments?post=61493"}],"version-history":[{"count":1,"href":"https:\/\/jundiai.sp.gov.br\/noticias\/wp-json\/wp\/v2\/posts\/61493\/revisions"}],"predecessor-version":[{"id":181592,"href":"https:\/\/jundiai.sp.gov.br\/noticias\/wp-json\/wp\/v2\/posts\/61493\/revisions\/181592"}],"wp:attachment":[{"href":"https:\/\/jundiai.sp.gov.br\/noticias\/wp-json\/wp\/v2\/media?parent=61493"}],"wp:term":[{"taxonomy":"category","embeddable":true,"href":"https:\/\/jundiai.sp.gov.br\/noticias\/wp-json\/wp\/v2\/categories?post=61493"},{"taxonomy":"post_tag","embeddable":true,"href":"https:\/\/jundiai.sp.gov.br\/noticias\/wp-json\/wp\/v2\/tags?post=61493"},{"taxonomy":"ods","embeddable":true,"href":"https:\/\/jundiai.sp.gov.br\/noticias\/wp-json\/wp\/v2\/ods?post=61493"}],"curies":[{"name":"wp","href":"https:\/\/api.w.org\/{rel}","templated":true}]}}