{"id":61709,"date":"2013-06-05T12:55:31","date_gmt":"2013-06-05T15:55:31","guid":{"rendered":"https:\/\/jundiai.sp.gov.br\/noticias\/?p=61709"},"modified":"2016-11-04T11:48:46","modified_gmt":"2016-11-04T13:48:46","slug":"trabalhos-de-alunos-da-rede-municipal-sao-publicados-pelo-jornal-de-jundiai","status":"publish","type":"post","link":"https:\/\/jundiai.sp.gov.br\/noticias\/2013\/06\/05\/trabalhos-de-alunos-da-rede-municipal-sao-publicados-pelo-jornal-de-jundiai\/","title":{"rendered":"Trabalhos de alunos s\u00e3o publicados no JJ"},"content":{"rendered":"<p>Com a cria\u00e7\u00e3o de desenhos e textos, alunos de 14 salas de aulas das Emebs Prof\u00aa Gl\u00f3ria da Silva Rocha Genovese, Vila Cristo Redentor, e Prof\u00aa Judith Almeida Curado Arruda, do bairro Cidade Nova, participam das comemora\u00e7\u00f5es do <a href=\"https:\/\/jundiai.sp.gov.br\/noticias\/mes-do-meio-ambiente-2013\/\" target=\"_blank\">Dia Nacional do Meio Ambiente<\/a>, nesta quarta-feira (5).<\/p>\n<p><strong>Mais<br \/>\n<a href=\"https:\/\/jundiai.sp.gov.br\/noticias\/2013\/06\/curso-de-linguas-sai-a-listagem-dos-inscritos\/\" target=\"_blank\">Curso de L\u00ednguas: sai a listagem dos inscritos<\/a><\/strong><\/p>\n<p><div id=\"attachment_145583\" style=\"width: 410px\" class=\"wp-caption alignleft\"><a href=\"https:\/\/jundiai.sp.gov.br\/noticias\/wp-content\/uploads\/sites\/32\/2013\/06\/desenho_meioambiente_educG.jpg\"><img loading=\"lazy\" decoding=\"async\" aria-describedby=\"caption-attachment-145583\" src=\"https:\/\/jundiai.sp.gov.br\/noticias\/wp-content\/uploads\/sites\/32\/2013\/06\/desenho_meioambiente_educG-720x504.jpg\" alt=\"Um dos desenhos apresentando solu\u00e7\u00e3o para polui\u00e7\u00e3o\" width=\"400\" height=\"400\" class=\"size-large wp-image-145583\" \/><\/a><p id=\"caption-attachment-145583\" class=\"wp-caption-text\">Um dos desenhos apresentando solu\u00e7\u00e3o para polui\u00e7\u00e3o<\/p><\/div>A atividade \u00e9 da Secretaria de Educa\u00e7\u00e3o em parceria com o Jornal de Jundia\u00ed Regional, que publica os trabalhos num caderno especial em homenagem \u00e0 data.<\/p>\n<p>Os temas indicados para o trabalho dos estudantes foram sugeridos pelo Jornal de Jundia\u00ed, dentro do Programa JJ na Educa\u00e7\u00e3o, que existe desde 1994: polui\u00e7\u00e3o do ar; Serra do Japi; reciclagem de lixo e consumo consciente de \u00e1gua; A import\u00e2ncia dos parques p\u00fablicos em Jundia\u00ed; A import\u00e2ncia do est\u00edmulo ao transporte p\u00fablicos e \u00e0s bicicletas.<\/p>\n<p>Depois de avaliar os trabalhos recebidos, o editor-excutivo do JJ, F\u00e1bio Pescarini, se diz surpreso com a qualidade. \u201cOs trabalhos est\u00e3o \u00f3timos. Pedimos \u00e0s crian\u00e7as que apontassem solu\u00e7\u00f5es para os problemas do meio ambiente&#8221;, explica Pescarini. &#8220;E elas apontaram. O que mostra que elas t\u00eam conhecimento e consci\u00eancia da necessidade de proteger o meio ambiente. \u00c9 surpreendente e muito bom.\u201d<\/p>\n<p><strong><b>Educa\u00e7\u00e3o ambiental<\/b><\/strong><br \/>\nA escola \u00e9 fundamental para a forma\u00e7\u00e3o social do homem e deve promover informa\u00e7\u00f5es ambientais que gerem maior conhecimento \u00e0s gera\u00e7\u00f5es futuras e mecanismos concretos para que o aluno entenda os fen\u00f4menos naturais, as a\u00e7\u00f5es do homem sobre o habitat e mesmo para a sociedade como um todo.<\/p>\n<p><div id=\"attachment_145582\" style=\"width: 410px\" class=\"wp-caption alignright\"><a href=\"https:\/\/jundiai.sp.gov.br\/noticias\/wp-content\/uploads\/sites\/32\/2013\/06\/desenho_meioambiente_alunG1.jpg\"><img loading=\"lazy\" decoding=\"async\" aria-describedby=\"caption-attachment-145582\" src=\"https:\/\/jundiai.sp.gov.br\/noticias\/wp-content\/uploads\/sites\/32\/2013\/06\/desenho_meioambiente_alunG1-720x438.jpg\" alt=\"Alunos de 14 salas da rede municipal de ensino participaram do projeto\" width=\"400\" height=\"400\" class=\"size-large wp-image-145582\" \/><\/a><p id=\"caption-attachment-145582\" class=\"wp-caption-text\">Alunos de 14 salas da rede municipal de ensino participaram do projeto<\/p><\/div>A diretora de Ensino Fundamental da Secretaria de Educa\u00e7\u00e3o, Suzette Longo Vermiglio, salienta que \u201c\u00e9 fundamental que cada aluno desenvolva as potencialidades e adote posturas pessoais e comportamentos sociais construtivos, colaborando para a constru\u00e7\u00e3o de uma sociedade socialmente justa, em um ambiente saud\u00e1vel\u201d.<\/p>\n<p>Ainda de acordo com a diretora Suzette, o tema meio ambiente faz parte da grade curricular dos estudantes. E a possibilidade de ter o material feito em sala de aula publicado no JJ mobilizou os estudantes. &#8220;Foi uma proposta interessante, vi\u00e1vel e diferente para consolidar os projetos que vinham sendo desenvolvidos com os estudantes. A publica\u00e7\u00e3o do material \u00e9 uma valoriza\u00e7\u00e3o do trabalho do aluno&#8221;, conclui.<br \/>\n<em><strong><br \/>\nPor Rosana Pagano<br \/>\nFotos: divulga\u00e7\u00e3o<\/strong><\/em><\/p>\n","protected":false},"excerpt":{"rendered":"<p>A atividade \u00e9 da Secretaria de Educa\u00e7\u00e3o em parceria com o jornal, que publica os trabalhos no caderno<\/p>\n","protected":false},"author":11,"featured_media":0,"comment_status":"closed","ping_status":"closed","sticky":false,"template":"","format":"standard","meta":{"footnotes":""},"categories":[2],"tags":[6],"ods":[],"class_list":["post-61709","post","type-post","status-publish","format-standard","hentry","category-noticias","tag-educacao"],"_links":{"self":[{"href":"https:\/\/jundiai.sp.gov.br\/noticias\/wp-json\/wp\/v2\/posts\/61709","targetHints":{"allow":["GET"]}}],"collection":[{"href":"https:\/\/jundiai.sp.gov.br\/noticias\/wp-json\/wp\/v2\/posts"}],"about":[{"href":"https:\/\/jundiai.sp.gov.br\/noticias\/wp-json\/wp\/v2\/types\/post"}],"author":[{"embeddable":true,"href":"https:\/\/jundiai.sp.gov.br\/noticias\/wp-json\/wp\/v2\/users\/11"}],"replies":[{"embeddable":true,"href":"https:\/\/jundiai.sp.gov.br\/noticias\/wp-json\/wp\/v2\/comments?post=61709"}],"version-history":[{"count":2,"href":"https:\/\/jundiai.sp.gov.br\/noticias\/wp-json\/wp\/v2\/posts\/61709\/revisions"}],"predecessor-version":[{"id":145581,"href":"https:\/\/jundiai.sp.gov.br\/noticias\/wp-json\/wp\/v2\/posts\/61709\/revisions\/145581"}],"wp:attachment":[{"href":"https:\/\/jundiai.sp.gov.br\/noticias\/wp-json\/wp\/v2\/media?parent=61709"}],"wp:term":[{"taxonomy":"category","embeddable":true,"href":"https:\/\/jundiai.sp.gov.br\/noticias\/wp-json\/wp\/v2\/categories?post=61709"},{"taxonomy":"post_tag","embeddable":true,"href":"https:\/\/jundiai.sp.gov.br\/noticias\/wp-json\/wp\/v2\/tags?post=61709"},{"taxonomy":"ods","embeddable":true,"href":"https:\/\/jundiai.sp.gov.br\/noticias\/wp-json\/wp\/v2\/ods?post=61709"}],"curies":[{"name":"wp","href":"https:\/\/api.w.org\/{rel}","templated":true}]}}