{"id":61758,"date":"2013-06-05T16:59:03","date_gmt":"2013-06-05T19:59:03","guid":{"rendered":"https:\/\/jundiai.sp.gov.br\/noticias\/?p=61758"},"modified":"2016-11-04T11:48:49","modified_gmt":"2016-11-04T13:48:49","slug":"meio-ambiente-professores-participam-de-capacitacao","status":"publish","type":"post","link":"https:\/\/jundiai.sp.gov.br\/noticias\/2013\/06\/05\/meio-ambiente-professores-participam-de-capacitacao\/","title":{"rendered":"Professores participam de capacita\u00e7\u00e3o"},"content":{"rendered":"<p>Mais de 1 mil professores da rede municipal de ensino participaram nesta quarta-feira (5) de um programa de capacita\u00e7\u00e3o sobre a \u2018Pol\u00edtica Municipal de Educa\u00e7\u00e3o Ambiental\u2019, como atividade comemorativa ao Dia Nacional do Meio Ambiente.<\/p>\n<p><strong>Mais<br \/>\n<a href=\"https:\/\/jundiai.sp.gov.br\/noticias\/2013\/06\/trabalhos-de-alunos-da-rede-municipal-sao-publicados-pelo-jornal-de-jundiai\/\" target=\"_blank\">Trabalhos de alunos s\u00e3o publicados no JJ<\/a><\/strong><\/p>\n<div id=\"attachment_145554\" style=\"width: 730px\" class=\"wp-caption aligncenter\"><a href=\"https:\/\/jundiai.sp.gov.br\/noticias\/wp-content\/uploads\/sites\/32\/2013\/06\/capacitacao_professores_pq_uva_p_20G1.jpg\"><img loading=\"lazy\" decoding=\"async\" aria-describedby=\"caption-attachment-145554\" src=\"https:\/\/jundiai.sp.gov.br\/noticias\/wp-content\/uploads\/sites\/32\/2013\/06\/capacitacao_professores_pq_uva_p_20G1-720x482.jpg\" alt=\"Pe\u00e7a de teatro do Centro de Zoonoses fala do meio ambiente\" width=\"720\" height=\"482\" class=\"size-large wp-image-145554\" srcset=\"https:\/\/jundiai.sp.gov.br\/noticias\/wp-content\/uploads\/sites\/32\/2013\/06\/capacitacao_professores_pq_uva_p_20G1-720x482.jpg 720w, https:\/\/jundiai.sp.gov.br\/noticias\/wp-content\/uploads\/sites\/32\/2013\/06\/capacitacao_professores_pq_uva_p_20G1-300x201.jpg 300w, https:\/\/jundiai.sp.gov.br\/noticias\/wp-content\/uploads\/sites\/32\/2013\/06\/capacitacao_professores_pq_uva_p_20G1.jpg 1240w\" sizes=\"auto, (max-width: 720px) 100vw, 720px\" \/><\/a><p id=\"caption-attachment-145554\" class=\"wp-caption-text\">Pe\u00e7a de teatro do Centro de Zoonoses fala do meio ambiente<\/p><\/div>\n<p>O evento contou com a presen\u00e7a do secret\u00e1rio de Educa\u00e7\u00e3o, Durval Orlato, do diretor de Meio Ambiente, Fl\u00e1vio Gramolelli, e aconteceu no pavilh\u00e3o do Parque da Uva. Dentro da programa\u00e7\u00e3o houve apresenta\u00e7\u00e3o de pe\u00e7a de teatro e a palestra da professora e pesquisadora da \u00e1rea de Educa\u00e7\u00e3o Ambiental, Juliana Rink.<\/p>\n<p>De acordo com o professor Jos\u00e9 Renato Polli, assessor especial de Educa\u00e7\u00e3o, o objetivo da capacita\u00e7\u00e3o para os professores \u00e9, entre outros aspectos, a apresenta\u00e7\u00e3o do que foi feito em Educa\u00e7\u00e3o Ambiental pelos v\u00e1rios \u00f3rg\u00e3os do poder p\u00fablico nos primeiros meses deste ano. \u201cOs diversos setores do governo discutem os seis ou sete projetos que j\u00e1 existiam na \u00e1rea de Meio Ambiente. Alguns ser\u00e3o mantidos, outros ser\u00e3o modificados\u201d.<\/p>\n<p>O secret\u00e1rio de Educa\u00e7\u00e3o, Durval Orlato, deu boas vindas aos professores e diretores e disse que o momento \u00e9 importante para se discutir a preserva\u00e7\u00e3o do meio ambiente e que a escola \u00e9 um caminho fundamental. \u201cEstamos capacitando os professores e discutindo a Pol\u00edtica Municipal de Educa\u00e7\u00e3o Ambiental . \u00c9 atrav\u00e9s das atividades com as crian\u00e7as que vamos conscientizar a popula\u00e7\u00e3o da necessidade de proteger o meio ambiente.\u201d<\/p>\n<p><div id=\"attachment_145555\" style=\"width: 410px\" class=\"wp-caption alignleft\"><a href=\"https:\/\/jundiai.sp.gov.br\/noticias\/wp-content\/uploads\/sites\/32\/2013\/06\/capacitacao_professores_pq_uva_p_41G.jpg\"><img loading=\"lazy\" decoding=\"async\" aria-describedby=\"caption-attachment-145555\" src=\"https:\/\/jundiai.sp.gov.br\/noticias\/wp-content\/uploads\/sites\/32\/2013\/06\/capacitacao_professores_pq_uva_p_41G-720x566.jpg\" alt=\"Secret\u00e1rio Durval Orlato e professor Jos\u00e9 Renato Polli\" width=\"400\" height=\"400\" class=\"size-large wp-image-145555\" \/><\/a><p id=\"caption-attachment-145555\" class=\"wp-caption-text\">Secret\u00e1rio Durval Orlato e professor Jos\u00e9 Renato Polli<\/p><\/div><strong>Teatro e palestra<\/strong><br \/>\nOs professores acompanharam uma pe\u00e7a de teatro sobre Meio Ambiente com o N\u00facleo de Educa\u00e7\u00e3o do Centro de Controle de Zoonoses. Em seguida, aconteceu a palestra da pesquisadora Juliana Rink. De acordo com ela, existem v\u00e1rios elementos para discutir proposta para a Educa\u00e7\u00e3o Ambiental. \u201cPensar no meio ambiente significa promover a sustentabilidade, que \u00e9 a melhor ferramenta para mudar o conceito que as pessoas t\u00eam e, assim, melhorar a qualidade de vida.\u201d<\/p>\n<p>A import\u00e2ncia da atividade foi destacada pelos professores. \u201cAtrav\u00e9s das nossas aulas, orientando as crian\u00e7as, multiplicamos as informa\u00e7\u00f5es e promovemos a conscientiza\u00e7\u00e3o\u201d, explica a professora Marisa Angelo, da Emeb Reinaldo Basile, no Jardim Tarum\u00e3, que participou da capacita\u00e7\u00e3o.<\/p>\n<p>Para a professora Cl\u00e1udia D. Alencar, da Emeb Clotilde Mazzali Molina, no Jardim Pacaembu, atrav\u00e9s das brincadeiras se consegue ensinar muita coisa para as crian\u00e7as. \u201cEnsinamos para a crian\u00e7a sobre reciclagem, natureza e elas aprendem brincando. Esse \u00e9 o come\u00e7o do mundo melhor\u201d, completou.<br \/>\n<em><strong><br \/>\nPor Rosana Pagano<br \/>\nFotos: Paulo Gr\u00e9gio<\/strong><\/em><\/p>\n","protected":false},"excerpt":{"rendered":"<p>O objetivo do encontro \u00e9 a apresenta\u00e7\u00e3o do que foi feito em Educa\u00e7\u00e3o Ambiental pelos \u00f3rg\u00e3os p\u00fablicos<\/p>\n","protected":false},"author":11,"featured_media":0,"comment_status":"closed","ping_status":"closed","sticky":false,"template":"","format":"standard","meta":{"footnotes":""},"categories":[2],"tags":[6,141],"ods":[],"class_list":["post-61758","post","type-post","status-publish","format-standard","hentry","category-noticias","tag-educacao","tag-mes-do-meio-ambiente"],"_links":{"self":[{"href":"https:\/\/jundiai.sp.gov.br\/noticias\/wp-json\/wp\/v2\/posts\/61758","targetHints":{"allow":["GET"]}}],"collection":[{"href":"https:\/\/jundiai.sp.gov.br\/noticias\/wp-json\/wp\/v2\/posts"}],"about":[{"href":"https:\/\/jundiai.sp.gov.br\/noticias\/wp-json\/wp\/v2\/types\/post"}],"author":[{"embeddable":true,"href":"https:\/\/jundiai.sp.gov.br\/noticias\/wp-json\/wp\/v2\/users\/11"}],"replies":[{"embeddable":true,"href":"https:\/\/jundiai.sp.gov.br\/noticias\/wp-json\/wp\/v2\/comments?post=61758"}],"version-history":[{"count":2,"href":"https:\/\/jundiai.sp.gov.br\/noticias\/wp-json\/wp\/v2\/posts\/61758\/revisions"}],"predecessor-version":[{"id":145553,"href":"https:\/\/jundiai.sp.gov.br\/noticias\/wp-json\/wp\/v2\/posts\/61758\/revisions\/145553"}],"wp:attachment":[{"href":"https:\/\/jundiai.sp.gov.br\/noticias\/wp-json\/wp\/v2\/media?parent=61758"}],"wp:term":[{"taxonomy":"category","embeddable":true,"href":"https:\/\/jundiai.sp.gov.br\/noticias\/wp-json\/wp\/v2\/categories?post=61758"},{"taxonomy":"post_tag","embeddable":true,"href":"https:\/\/jundiai.sp.gov.br\/noticias\/wp-json\/wp\/v2\/tags?post=61758"},{"taxonomy":"ods","embeddable":true,"href":"https:\/\/jundiai.sp.gov.br\/noticias\/wp-json\/wp\/v2\/ods?post=61758"}],"curies":[{"name":"wp","href":"https:\/\/api.w.org\/{rel}","templated":true}]}}