{"id":61850,"date":"2013-06-06T17:04:13","date_gmt":"2013-06-06T20:04:13","guid":{"rendered":"https:\/\/jundiai.sp.gov.br\/noticias\/?p=61850"},"modified":"2016-11-04T11:48:50","modified_gmt":"2016-11-04T13:48:50","slug":"basquete-feminino-foca-regionais-para-manter-hegemonia","status":"publish","type":"post","link":"https:\/\/jundiai.sp.gov.br\/noticias\/2013\/06\/06\/basquete-feminino-foca-regionais-para-manter-hegemonia\/","title":{"rendered":"Basquete feminino foca Regionais"},"content":{"rendered":"<p>A cidade de Jundia\u00ed com as suas modalidades j\u00e1 est\u00e1 planejando a participa\u00e7\u00e3o em mais uma edi\u00e7\u00e3o dos Jogos Regionais do Interior. A partir de 3 de julho, Votorantim recebe os Jogos Regionais do Interior. O basquete jundiaiense vai em busca da manuten\u00e7\u00e3o da hegemonia de t\u00edtulos no torneio representado pelo Divino\/COC.<\/p>\n<p><strong>Mais<br \/>\n<a href=\"https:\/\/jundiai.sp.gov.br\/noticias\/2013\/06\/tenista-revelacao-de-jundiai-mira-mais-conquistas\/\" target=\"_blank\">Tenista revela\u00e7\u00e3o de Jundia\u00ed mira mais conquistas<\/a><\/strong><\/p>\n<p><div id=\"attachment_145528\" style=\"width: 410px\" class=\"wp-caption alignleft\"><a href=\"https:\/\/jundiai.sp.gov.br\/noticias\/wp-content\/uploads\/sites\/32\/2013\/06\/coletiva_divino_basquete_d33G.jpg\"><img loading=\"lazy\" decoding=\"async\" aria-describedby=\"caption-attachment-145528\" src=\"https:\/\/jundiai.sp.gov.br\/noticias\/wp-content\/uploads\/sites\/32\/2013\/06\/coletiva_divino_basquete_d33G-720x613.jpg\" alt=\"Nestor Most\u00e9rio tem o seu nome marcado nos t\u00edtulos\" width=\"400\" height=\"400\" class=\"size-large wp-image-145528\" \/><\/a><p id=\"caption-attachment-145528\" class=\"wp-caption-text\">Nestor Most\u00e9rio tem o seu nome marcado nos t\u00edtulos<\/p><\/div>Na hist\u00f3ria da competi\u00e7\u00e3o o Divino\/COC\/Jundia\u00ed representando a cidade de Jundia\u00ed \u00e9 o maior vencedor do estado em sequ\u00eancia de t\u00edtulos.<\/p>\n<p>Nos Jogos Regionais o basquete jundiaiense ficou com a medalha de ouro nas \u00faltimas 13 edi\u00e7\u00f5es da competi\u00e7\u00e3o. Nos Abertos, o evento que re\u00fane os campe\u00f5es de cada regi\u00e3o, o Divino tamb\u00e9m mant\u00e9m uma grande hegemonia com sete t\u00edtulos.<\/p>\n<p>Esta hist\u00f3ria de participa\u00e7\u00e3o com vit\u00f3rias vem de muito tempo, e faz parte da tradi\u00e7\u00e3o da modalidade no col\u00e9gio Divino Salvador. O professor Nestor Most\u00e9rio tem o seu nome marcado nos t\u00edtulos e sabe que tudo isso \u00e9 muito importante para a modalidade e para a cidade.<\/p>\n<p>&#8220;Representar a nossa cidade j\u00e1 \u00e9 uma grande honra, e ficar marcado na hist\u00f3ria como uma das modalidades que mais t\u00edtulos trouxe para Jundia\u00ed \u00e9 um orgulho&#8221;, destacou Nestor.<\/p>\n<p>Para os regionais, os poss\u00edveis desfalques s\u00e3o as atletas Carla Luchini e Gabriela, que est\u00e3o servindo a sele\u00e7\u00e3o brasileira Sub19. Em compensa\u00e7\u00e3o, a equipe ter\u00e1 o refor\u00e7o da atleta Mariana Lambert e a base ser\u00e1 formada pelo Sub19 &#8211; que vai disputar o estadual no segundo semestre.<\/p>\n<p>&#8220;Vamos com uma equipe forte. Os Regionais est\u00e3o entre os nossos objetivos de vit\u00f3rias na temporada, al\u00e9m de poder colaborar diretamente com a classifica\u00e7\u00e3o final da cidade&#8221;, destacou a coordenadora do Divino, L\u00facia Helena.<br \/>\n<em><strong><br \/>\nPor F\u00e1bio Manzini<br \/>\nFotos: Dorival Pinheiro Filho<\/strong><\/em><\/p>\n","protected":false},"excerpt":{"rendered":"<p>Nos Jogos o basquete jundiaiense ficou com a medalha de ouro nas \u00faltimas 13 edi\u00e7\u00f5es da competi\u00e7\u00e3o<\/p>\n","protected":false},"author":11,"featured_media":0,"comment_status":"closed","ping_status":"closed","sticky":false,"template":"","format":"standard","meta":{"footnotes":""},"categories":[2],"tags":[106,35],"ods":[],"class_list":["post-61850","post","type-post","status-publish","format-standard","hentry","category-noticias","tag-basquete","tag-esporte-e-lazer"],"_links":{"self":[{"href":"https:\/\/jundiai.sp.gov.br\/noticias\/wp-json\/wp\/v2\/posts\/61850","targetHints":{"allow":["GET"]}}],"collection":[{"href":"https:\/\/jundiai.sp.gov.br\/noticias\/wp-json\/wp\/v2\/posts"}],"about":[{"href":"https:\/\/jundiai.sp.gov.br\/noticias\/wp-json\/wp\/v2\/types\/post"}],"author":[{"embeddable":true,"href":"https:\/\/jundiai.sp.gov.br\/noticias\/wp-json\/wp\/v2\/users\/11"}],"replies":[{"embeddable":true,"href":"https:\/\/jundiai.sp.gov.br\/noticias\/wp-json\/wp\/v2\/comments?post=61850"}],"version-history":[{"count":2,"href":"https:\/\/jundiai.sp.gov.br\/noticias\/wp-json\/wp\/v2\/posts\/61850\/revisions"}],"predecessor-version":[{"id":145527,"href":"https:\/\/jundiai.sp.gov.br\/noticias\/wp-json\/wp\/v2\/posts\/61850\/revisions\/145527"}],"wp:attachment":[{"href":"https:\/\/jundiai.sp.gov.br\/noticias\/wp-json\/wp\/v2\/media?parent=61850"}],"wp:term":[{"taxonomy":"category","embeddable":true,"href":"https:\/\/jundiai.sp.gov.br\/noticias\/wp-json\/wp\/v2\/categories?post=61850"},{"taxonomy":"post_tag","embeddable":true,"href":"https:\/\/jundiai.sp.gov.br\/noticias\/wp-json\/wp\/v2\/tags?post=61850"},{"taxonomy":"ods","embeddable":true,"href":"https:\/\/jundiai.sp.gov.br\/noticias\/wp-json\/wp\/v2\/ods?post=61850"}],"curies":[{"name":"wp","href":"https:\/\/api.w.org\/{rel}","templated":true}]}}