{"id":62173,"date":"2013-05-08T09:09:00","date_gmt":"2013-05-08T12:09:00","guid":{"rendered":"https:\/\/jundiai.sp.gov.br\/noticias\/?p=62173"},"modified":"2016-11-04T13:03:54","modified_gmt":"2016-11-04T15:03:54","slug":"limpeza-do-rio-jundiai-mirim-reune-mais-de-100-pessoas-no-caxambu","status":"publish","type":"post","link":"https:\/\/jundiai.sp.gov.br\/noticias\/2013\/05\/08\/limpeza-do-rio-jundiai-mirim-reune-mais-de-100-pessoas-no-caxambu\/","title":{"rendered":"Limpeza do rio Jundia\u00ed Mirim re\u00fane mais de 100 pessoas"},"content":{"rendered":"<p>Dando continuidade \u00e0 programa\u00e7\u00e3o do M\u00eas do Meio Ambiente, promovido pela prefeitura por meio da Secretaria de Planejamento e Meio Ambiente, no domingo (9) foi realizada a 13\u00aa edi\u00e7\u00e3o da limpeza do Rio Jundia\u00ed Mirim, promovida pela escola de mergulho Jornada Sub com apoio oficial da prefeitura. Mais de 100 pessoas, entre adultos e crian\u00e7as, participaram da a\u00e7\u00e3o que retirou dois barcos pequenos cheios de lixo, em uma extens\u00e3o de 1 quil\u00f4metro do rio a partir da ponte da Avenida Alexandre Milani, no bairro do Caxambu.<\/p>\n<p><strong>Mais<br \/>\n<a href=\"https:\/\/jundiai.sp.gov.br\/noticias\/2013\/06\/equipe-pre-infantil-de-ginastica-artistica-conquista-1o-lugar-por-equipes\/\" target=\"_blank\">Equipe pr\u00e9-infantil de gin\u00e1stica art\u00edstica conquista 1\u00ba lugar<\/a><\/strong><\/p>\n<div id=\"attachment_134909\" style=\"width: 730px\" class=\"wp-caption aligncenter\"><a href=\"https:\/\/jundiai.sp.gov.br\/noticias\/wp-content\/uploads\/sites\/32\/2013\/05\/mutirao_limpeza_rio_jundiai_c_21_G.jpg\"><img loading=\"lazy\" decoding=\"async\" aria-describedby=\"caption-attachment-134909\" src=\"https:\/\/jundiai.sp.gov.br\/noticias\/wp-content\/uploads\/sites\/32\/2013\/05\/mutirao_limpeza_rio_jundiai_c_21_G-720x533.jpg\" alt=\"Grupo percorreu cerca de 1 quil\u00f4metro do rio recolhendo o lixo\" width=\"720\" height=\"533\" class=\"size-large wp-image-134909\" srcset=\"https:\/\/jundiai.sp.gov.br\/noticias\/wp-content\/uploads\/sites\/32\/2013\/05\/mutirao_limpeza_rio_jundiai_c_21_G-720x533.jpg 720w, https:\/\/jundiai.sp.gov.br\/noticias\/wp-content\/uploads\/sites\/32\/2013\/05\/mutirao_limpeza_rio_jundiai_c_21_G-300x222.jpg 300w, https:\/\/jundiai.sp.gov.br\/noticias\/wp-content\/uploads\/sites\/32\/2013\/05\/mutirao_limpeza_rio_jundiai_c_21_G.jpg 1240w\" sizes=\"auto, (max-width: 720px) 100vw, 720px\" \/><\/a><p id=\"caption-attachment-134909\" class=\"wp-caption-text\">Grupo percorreu cerca de 1 quil\u00f4metro do rio recolhendo o lixo<\/p><\/div>\n<p>\u201cNeste ano recolhemos mais lixo do que em 2012. Retiramos uma quantidade consider\u00e1vel de lixo industrial, duas armadilhas de animais, entulho de constru\u00e7\u00e3o, pneus e muito material pl\u00e1stico, como garrafas pet. Neste trecho, o acesso ao rio \u00e9 restrito, pois passa em propriedades particulares e o acesso da popula\u00e7\u00e3o \u00e9 mais dif\u00edcil, o que nos faz imaginar que o lixo esteja vindo de pontos mais altos do rio\u201d, conta Alvanir de Oliveira, idealizador da a\u00e7\u00e3o.<\/p>\n<p>Alexandre Baietti, assessor da Secretaria de Planejamento e Meio Ambiente, participou da a\u00e7\u00e3o. Ele considera de suma import\u00e2ncia a presen\u00e7a das crian\u00e7as. \u201cEles ir\u00e3o crescer com a responsabilidade de preserva\u00e7\u00e3o do meio ambiente.\u201d<\/p>\n<p>Com apoio tamb\u00e9m do Corpo de Bombeiros, a limpeza contou com a participa\u00e7\u00e3o do Grupo Escoteiro Curugui, que levou mais de 40 pessoas. \u201cEsta \u00e9 uma maneira de se fazer a conscientiza\u00e7\u00e3o ecol\u00f3gica, a fim de preservar este manancial respons\u00e1vel por 90% da capacita\u00e7\u00e3o da represa que abastece a cidade\u201d, disse o chefe escoteiro Ant\u00f4nio Dias de Almeida, de 71 anos.<\/p>\n<p><div id=\"attachment_134908\" style=\"width: 410px\" class=\"wp-caption alignleft\"><a href=\"https:\/\/jundiai.sp.gov.br\/noticias\/wp-content\/uploads\/sites\/32\/2013\/05\/mutirao_limpeza_rio_jundiai_c_11_G.jpg\"><img loading=\"lazy\" decoding=\"async\" aria-describedby=\"caption-attachment-134908\" src=\"https:\/\/jundiai.sp.gov.br\/noticias\/wp-content\/uploads\/sites\/32\/2013\/05\/mutirao_limpeza_rio_jundiai_c_11_G-720x556.jpg\" alt=\"Alvanir de Oliveira, idelizador da a\u00e7\u00e3o\" width=\"400\" height=\"400\" class=\"size-large wp-image-134908\" \/><\/a><p id=\"caption-attachment-134908\" class=\"wp-caption-text\">Alvanir de Oliveira, idelizador da a\u00e7\u00e3o<\/p><\/div>A gestora ambiental Patr\u00edcia Polli levou os sobrinhos Rauani, de 8 anos, e Raine, 4, para ajudar na limpeza do rio. \u201cEsta \u00e9 a forma mais eficiente de educa\u00e7\u00e3o ambiental. Tendo este tipo de experi\u00eancia na inf\u00e2ncia, eles poder\u00e3o ser adultos mais respons\u00e1veis com o meio ambiente.\u201d<\/p>\n<p><strong><br \/>\nHist\u00f3ria de fam\u00edlia<\/strong><br \/>\n\u201cH\u00e1 muitos anos, nossa fam\u00edlia se une para fazer a limpeza do rio e suas margens. Ao passar dos anos, mais pessoas se juntavam ao grupo\u201d, conta Val\u00e9ria Oliveira, que participou ao lado de muitos familiares, assim como a matriarca da fam\u00edlia Emilie Keller, de 96 anos, que foi conferir o trabalho do grupo.<\/p>\n<p><em><strong>Por Fl\u00e1via Alves<br \/>\nFotos: Cleber de Almeida<\/strong><\/em><\/p>\n","protected":false},"excerpt":{"rendered":"<p>A a\u00e7\u00e3o foi promovida pela escola de mergulho Jornada Sub com apoio oficial da prefeitura<\/p>\n","protected":false},"author":11,"featured_media":0,"comment_status":"closed","ping_status":"closed","sticky":false,"template":"","format":"standard","meta":{"footnotes":""},"categories":[2],"tags":[141,32],"ods":[],"class_list":["post-62173","post","type-post","status-publish","format-standard","hentry","category-noticias","tag-mes-do-meio-ambiente","tag-planejamento-e-meio-ambiente"],"_links":{"self":[{"href":"https:\/\/jundiai.sp.gov.br\/noticias\/wp-json\/wp\/v2\/posts\/62173","targetHints":{"allow":["GET"]}}],"collection":[{"href":"https:\/\/jundiai.sp.gov.br\/noticias\/wp-json\/wp\/v2\/posts"}],"about":[{"href":"https:\/\/jundiai.sp.gov.br\/noticias\/wp-json\/wp\/v2\/types\/post"}],"author":[{"embeddable":true,"href":"https:\/\/jundiai.sp.gov.br\/noticias\/wp-json\/wp\/v2\/users\/11"}],"replies":[{"embeddable":true,"href":"https:\/\/jundiai.sp.gov.br\/noticias\/wp-json\/wp\/v2\/comments?post=62173"}],"version-history":[{"count":4,"href":"https:\/\/jundiai.sp.gov.br\/noticias\/wp-json\/wp\/v2\/posts\/62173\/revisions"}],"predecessor-version":[{"id":134907,"href":"https:\/\/jundiai.sp.gov.br\/noticias\/wp-json\/wp\/v2\/posts\/62173\/revisions\/134907"}],"wp:attachment":[{"href":"https:\/\/jundiai.sp.gov.br\/noticias\/wp-json\/wp\/v2\/media?parent=62173"}],"wp:term":[{"taxonomy":"category","embeddable":true,"href":"https:\/\/jundiai.sp.gov.br\/noticias\/wp-json\/wp\/v2\/categories?post=62173"},{"taxonomy":"post_tag","embeddable":true,"href":"https:\/\/jundiai.sp.gov.br\/noticias\/wp-json\/wp\/v2\/tags?post=62173"},{"taxonomy":"ods","embeddable":true,"href":"https:\/\/jundiai.sp.gov.br\/noticias\/wp-json\/wp\/v2\/ods?post=62173"}],"curies":[{"name":"wp","href":"https:\/\/api.w.org\/{rel}","templated":true}]}}