{"id":63572,"date":"2013-07-04T16:10:36","date_gmt":"2013-07-04T19:10:36","guid":{"rendered":"https:\/\/jundiai.sp.gov.br\/noticias\/?p=63572"},"modified":"2016-11-04T11:45:29","modified_gmt":"2016-11-04T13:45:29","slug":"curso-de-linguas-listagem-dos-contemplados","status":"publish","type":"post","link":"https:\/\/jundiai.sp.gov.br\/noticias\/2013\/07\/04\/curso-de-linguas-listagem-dos-contemplados\/","title":{"rendered":"Curso de l\u00ednguas: divulgada listagem dos contemplados"},"content":{"rendered":"<p>Os 3.442 inscritos que participaram do sorteio de 14 de junho para as 550 vagas destinadas aos cursos de idiomas \u2013 ingl\u00eas, espanhol, italiano e franc\u00eas \u2013 devem ficar atentos. Nesta sexta-feira (28) a publica\u00e7\u00e3o da lista dos contemplados e a lista de espera ser\u00e1 publicada na Imprensa Oficial do Munic\u00edpio &#8211; dispon\u00edvel ap\u00f3s \u00e0s 12h na Prefeitura de Jundia\u00ed, no Museu Hist\u00f3rico e Cultural e na Biblioteca Municipal Nelson Foot \u2013 ou <a href=\"http:\/\/imprensaoficial.jundiai.sp.gov.br\/\" target=\"_blank\"><strong>neste site<\/strong><\/a>.<\/p>\n<p><strong>Confira se voc\u00ea est\u00e1 na lista<\/strong><br \/>\n<a href=\"https:\/\/jundiai.sp.gov.br\/noticias\/2013\/06\/documentos-necessarios-aos-contemplados\/\" target=\"_blank\"><strong>Aos contemplados, confira a rela\u00e7\u00e3o de documentos <\/strong><\/a><br \/>\n<a href=\"https:\/\/jundiai.sp.gov.br\/noticias\/wp-content\/uploads\/sites\/32\/2013\/06\/Edital-n\u00ba-32-sorteados-ling.-estrangeiras.pdf\" target=\"_blank\"><strong>Fique por dentro do edital completo <\/strong><\/a><br \/>\n<a href=\"https:\/\/jundiai.sp.gov.br\/noticias\/wp-content\/uploads\/sites\/32\/2013\/06\/espanhol-manh\u00e3-contemplados.pdf\" target=\"_blank\"><strong>Espanhol &#8211; manh\u00e3 &#8211; contemplados <\/strong><\/a><br \/>\n<a href=\"https:\/\/jundiai.sp.gov.br\/noticias\/wp-content\/uploads\/sites\/32\/2013\/06\/espanhol-manh\u00e3-lista-de-espera.pdf\" target=\"_blank\"><strong>Espanhol &#8211; manh\u00e3 &#8211; lista de espera <\/strong><\/a><br \/>\n<a href=\"https:\/\/jundiai.sp.gov.br\/noticias\/wp-content\/uploads\/sites\/32\/2013\/06\/espanhol-tarde-contemplados.pdf\" target=\"_blank\"><strong>Espanhol &#8211; tarde &#8211; contemplados <\/strong><\/a><br \/>\n<a href=\"https:\/\/jundiai.sp.gov.br\/noticias\/wp-content\/uploads\/sites\/32\/2013\/06\/espanhol-tarde-lista-de-espera.pdf\" target=\"_blank\"><strong>Espanhol &#8211; tarde &#8211; lista de espera <\/strong><\/a><br \/>\n<a href=\"https:\/\/jundiai.sp.gov.br\/noticias\/wp-content\/uploads\/sites\/32\/2013\/06\/franc\u00eas-tarde-contemplados.pdf\" target=\"_blank\"><strong>Franc\u00eas &#8211; tarde &#8211; contemplados <\/strong><\/a><br \/>\n<a href=\"https:\/\/jundiai.sp.gov.br\/noticias\/wp-content\/uploads\/sites\/32\/2013\/06\/franc\u00eas-tarde-lista-de-espera.pdf\" target=\"_blank\"><strong>Franc\u00eas &#8211; tarde &#8211; lista de espera <\/strong><\/a><br \/>\n<a href=\"https:\/\/jundiai.sp.gov.br\/noticias\/wp-content\/uploads\/sites\/32\/2013\/06\/ingl\u00eas-manh\u00e3-contemplados.pdf\" target=\"_blank\"><strong>Ingl\u00eas &#8211; manh\u00e3 &#8211; contemplados <\/strong><\/a><br \/>\n<a href=\"https:\/\/jundiai.sp.gov.br\/noticias\/wp-content\/uploads\/sites\/32\/2013\/06\/ingl\u00eas-manh\u00e3-lista-de-espera.pdf\" target=\"_blank\"><strong>Ingl\u00eas &#8211; manh\u00e3 &#8211; lista de espera <\/strong><\/a><br \/>\n<a href=\"https:\/\/jundiai.sp.gov.br\/noticias\/wp-content\/uploads\/sites\/32\/2013\/06\/ingl\u00eas-noite-contemplados.pdf\" target=\"_blank\"><strong>Ingl\u00eas &#8211; noite &#8211; contemplados <\/strong><\/a><br \/>\n<a href=\"https:\/\/jundiai.sp.gov.br\/noticias\/wp-content\/uploads\/sites\/32\/2013\/06\/ingl\u00eas-noite-lista-de-espera.pdf\" target=\"_blank\"><strong>Ingl\u00eas &#8211; noite &#8211; lista de espera <\/strong><\/a><br \/>\n<a href=\"https:\/\/jundiai.sp.gov.br\/noticias\/wp-content\/uploads\/sites\/32\/2013\/06\/ingl\u00eas-tarde-contemplados.pdf\" target=\"_blank\"><strong>Ingl\u00eas &#8211; tarde &#8211; contemplados <\/strong><\/a><br \/>\n<a href=\"https:\/\/jundiai.sp.gov.br\/noticias\/wp-content\/uploads\/sites\/32\/2013\/06\/ingl\u00eas-tarde-lista-de-espera.pdf\" target=\"_blank\"><strong>Ingl\u00eas &#8211; tarde &#8211; lista de espera <\/strong><\/a><br \/>\n<a href=\"https:\/\/jundiai.sp.gov.br\/noticias\/wp-content\/uploads\/sites\/32\/2013\/06\/italiano-manh\u00e3-contemplados.pdf\" target=\"_blank\"><strong>Italiano &#8211; manh\u00e3 &#8211; contemplados <\/strong><\/a><br \/>\n<a href=\"https:\/\/jundiai.sp.gov.br\/noticias\/wp-content\/uploads\/sites\/32\/2013\/06\/italiano-manh\u00e3-lista-de-espera.pdf\" target=\"_blank\"><strong>Italiano &#8211; manh\u00e3 &#8211; lista de espera <\/strong><\/a><br \/>\n<a href=\"https:\/\/jundiai.sp.gov.br\/noticias\/wp-content\/uploads\/sites\/32\/2013\/06\/italiano-noite-contemplados.pdf\" target=\"_blank\"><strong>Italiano &#8211; noite &#8211; contemplados <\/strong><\/a><br \/>\n<a href=\"https:\/\/jundiai.sp.gov.br\/noticias\/wp-content\/uploads\/sites\/32\/2013\/06\/italiano-noite-lista-de-espera.pdf\" target=\"_blank\"><strong>Italiano &#8211; noite &#8211; lista de espera <\/strong><\/a><br \/>\n<a href=\"https:\/\/jundiai.sp.gov.br\/noticias\/wp-content\/uploads\/sites\/32\/2013\/06\/italiano-tarde-contemplados.pdf\" target=\"_blank\"><strong>Italiano &#8211; tarde &#8211; contemplados <\/strong><\/a><br \/>\n<a href=\"https:\/\/jundiai.sp.gov.br\/noticias\/wp-content\/uploads\/sites\/32\/2013\/06\/italiano-tarde-lista-de-espera.pdf\" target=\"_blank\"><strong>Italiano &#8211; tarde &#8211; lista de espera <\/strong><\/a><\/p>\n<p>No s\u00e1bado (29), o candidato poder\u00e1 verificar as listas de contemplados e a de espera no portal da Prefeitura de Jundia\u00ed e, no dia 1\u00ba de julho, as listas estar\u00e3o fixadas no corredor do Centro de L\u00ednguas, no Complexo Argos. Os candidatos contemplados far\u00e3o matr\u00edcula no per\u00edodo de 1 a 26 de julho. O in\u00edcio das aulas est\u00e1 previsto para os dias 5 e 6 de agosto.<\/p>\n<p><strong>Sorteio<\/strong><br \/>\nAs vagas sorteadas est\u00e3o divididas da seguinte forma: espanhol &#8211; manh\u00e3 40 vagas, 126 em espera; espanhol &#8211; tarde 80 vagas, 111 em espera; franc\u00eas &#8211; tarde 30 vagas, 206 em espera; ingl\u00eas &#8211; manh\u00e3 80 vagas, 340 em espera; ingl\u00eas &#8211; tarde 40 vagas, 250 em espera; ingl\u00eas &#8211; noite 120 vagas, 350 em espera; italiano &#8211; manh\u00e3 76 vagas, 43 em espera; italiano &#8211; tarde 40 vagas, 75 em espera; italiano &#8211; noite 40 vagas, 155 em espera. S\u00e3o 120 vagas para espanhol, 30 para franc\u00eas, 240 para ingl\u00eas e 156 para italiano.<\/p>\n<p><em><strong>Por Rosana Pagano<\/strong><\/em><\/p>\n","protected":false},"excerpt":{"rendered":"<p>Confira como ficou o resultado do sorteio nas listas de contemplados e listas de espera <\/p>\n","protected":false},"author":10,"featured_media":0,"comment_status":"closed","ping_status":"closed","sticky":false,"template":"","format":"standard","meta":{"footnotes":""},"categories":[2],"tags":[6],"ods":[],"class_list":["post-63572","post","type-post","status-publish","format-standard","hentry","category-noticias","tag-educacao"],"_links":{"self":[{"href":"https:\/\/jundiai.sp.gov.br\/noticias\/wp-json\/wp\/v2\/posts\/63572","targetHints":{"allow":["GET"]}}],"collection":[{"href":"https:\/\/jundiai.sp.gov.br\/noticias\/wp-json\/wp\/v2\/posts"}],"about":[{"href":"https:\/\/jundiai.sp.gov.br\/noticias\/wp-json\/wp\/v2\/types\/post"}],"author":[{"embeddable":true,"href":"https:\/\/jundiai.sp.gov.br\/noticias\/wp-json\/wp\/v2\/users\/10"}],"replies":[{"embeddable":true,"href":"https:\/\/jundiai.sp.gov.br\/noticias\/wp-json\/wp\/v2\/comments?post=63572"}],"version-history":[{"count":1,"href":"https:\/\/jundiai.sp.gov.br\/noticias\/wp-json\/wp\/v2\/posts\/63572\/revisions"}],"predecessor-version":[{"id":148436,"href":"https:\/\/jundiai.sp.gov.br\/noticias\/wp-json\/wp\/v2\/posts\/63572\/revisions\/148436"}],"wp:attachment":[{"href":"https:\/\/jundiai.sp.gov.br\/noticias\/wp-json\/wp\/v2\/media?parent=63572"}],"wp:term":[{"taxonomy":"category","embeddable":true,"href":"https:\/\/jundiai.sp.gov.br\/noticias\/wp-json\/wp\/v2\/categories?post=63572"},{"taxonomy":"post_tag","embeddable":true,"href":"https:\/\/jundiai.sp.gov.br\/noticias\/wp-json\/wp\/v2\/tags?post=63572"},{"taxonomy":"ods","embeddable":true,"href":"https:\/\/jundiai.sp.gov.br\/noticias\/wp-json\/wp\/v2\/ods?post=63572"}],"curies":[{"name":"wp","href":"https:\/\/api.w.org\/{rel}","templated":true}]}}