{"id":64541,"date":"2013-07-07T18:14:06","date_gmt":"2013-07-07T21:14:06","guid":{"rendered":"https:\/\/jundiai.sp.gov.br\/noticias\/?p=64541"},"modified":"2016-11-04T11:41:42","modified_gmt":"2016-11-04T13:41:42","slug":"tenis-masculino-e-campeao-dos-regionais","status":"publish","type":"post","link":"https:\/\/jundiai.sp.gov.br\/noticias\/2013\/07\/07\/tenis-masculino-e-campeao-dos-regionais\/","title":{"rendered":"T\u00eanis masculino \u00e9 campe\u00e3o dos Regionais"},"content":{"rendered":"<p>O t\u00eanis masculino de Jundia\u00ed conquistou os Jogos Regionais neste domingo (7). A equipe jundaiense bateu Campo Limpo Paulista por 2 sets a 0.<\/p>\n<p><strong>Mais<\/strong><br \/>\n<a href=\"https:\/\/jundiai.sp.gov.br\/noticias\/jogos-regionais-votorantim-2013\/\" target=\"_blank\"><strong> Tudo sobre os Jogos Regionais<\/strong><\/a><br \/>\n<a href=\"http:\/\/www.flickr.com\/photos\/prefeituradejundiai\/sets\/72157634451283740\/page3\/\" target=\"_blank\"><strong> Veja o \u00e1lbum de fotos do evento<\/strong><\/a><\/p>\n<div style=\"width: 410px\" class=\"wp-caption alignleft\"><a href=\"https:\/\/jundiai.sp.gov.br\/noticias\/wp-content\/uploads\/sites\/32\/2013\/07\/9218680564_4d122e8a53_b2.jpg\"><img loading=\"lazy\" decoding=\"async\" alt=\"\" src=\"https:\/\/jundiai.sp.gov.br\/noticias\/wp-content\/uploads\/sites\/32\/2013\/07\/9218680564_4d122e8a53_b2.jpg\" width=\"400\" height=\"400\" \/><\/a><p class=\"wp-caption-text\">J\u00falio Silva bateu Vitor Valente por 2 sets a 0<\/p><\/div>\n<p>O primeiro a entrar em quadra foi Bruno Schick que bateu Eduardo Lemos por 2 sets 0, parciais de 6\/2 e 6\/2. J\u00falio Silva confirmou o t\u00edtulo para a cidade ao bater Vitor Valente por 2 sets a 0, parciais de 7\/5 e 6\/2.<\/p>\n<p>\u201cEstou muito feliz com mais esta conquista. Nossa equipe \u00e9 muito forte e vamos brigar nos Jogos Abertos\u201d, disse Julinho, que parou de jogar profissionalmente no in\u00edcio do ano. \u201cDesde o come\u00e7o do ano n\u00e3o fa\u00e7o um treino f\u00edsico. Senti um pouco, as pernas pesaram, mas deu tudo certo.\u201d<\/p>\n<p>Bruno Schick comemorou o quarto t\u00edtulo nos Regionais. \u201cFico feliz por ser campe\u00e3o, mas tamb\u00e9m por fazer parte desta equipe, que sempre me acolhe bem\u201d, explicou.<\/p>\n<p>O t\u00e9cnico Jos\u00e9 Orvando de Abreu, o Zezinho, colecionou mais um t\u00edtulo. \u00c9 o 14\u00ba dele como t\u00e9cnico. \u201cT\u00edtulo sempre \u00e9 especial. O chaveamento nos ajudou e apesar disso, jogamos muito bem\u201d, afirmou.<\/p>\n<p>Lucas Morandini Sanchez e Ricardo Jos\u00e9 Silva s\u00e3o outros tenistas que fazem parte da equipe.<\/p>\n<p>No s\u00e1bado (6), a equipe feminina fez 2 a 0 em Sorocaba e tamb\u00e9m conquistou o t\u00edtulo.<br \/>\n<em><strong><br \/>\n<\/strong><strong> Por F\u00e1bio Frattini Manzini<\/strong><strong><br \/>\nFotos: Dorival Pinheiro Filho<\/strong><\/em><\/p>\n","protected":false},"excerpt":{"rendered":"<p>O t\u00eanis masculino de Jundia\u00ed conquistou os Jogos Regionais neste domingo (7). A equipe jundaiense bateu Campo Limpo Paulista por 2 sets a 0. Mais Tudo sobre os Jogos Regionais Veja o \u00e1lbum de fotos do evento O primeiro a entrar em quadra foi Bruno Schick que bateu Eduardo Lemos por 2 sets 0, parciais [&hellip;]<\/p>\n","protected":false},"author":11,"featured_media":0,"comment_status":"closed","ping_status":"closed","sticky":false,"template":"","format":"standard","meta":{"footnotes":""},"categories":[2],"tags":[35,185,127],"ods":[],"class_list":["post-64541","post","type-post","status-publish","format-standard","hentry","category-noticias","tag-esporte-e-lazer","tag-jogos-regionais-votorantim-2013","tag-tenis"],"_links":{"self":[{"href":"https:\/\/jundiai.sp.gov.br\/noticias\/wp-json\/wp\/v2\/posts\/64541","targetHints":{"allow":["GET"]}}],"collection":[{"href":"https:\/\/jundiai.sp.gov.br\/noticias\/wp-json\/wp\/v2\/posts"}],"about":[{"href":"https:\/\/jundiai.sp.gov.br\/noticias\/wp-json\/wp\/v2\/types\/post"}],"author":[{"embeddable":true,"href":"https:\/\/jundiai.sp.gov.br\/noticias\/wp-json\/wp\/v2\/users\/11"}],"replies":[{"embeddable":true,"href":"https:\/\/jundiai.sp.gov.br\/noticias\/wp-json\/wp\/v2\/comments?post=64541"}],"version-history":[{"count":1,"href":"https:\/\/jundiai.sp.gov.br\/noticias\/wp-json\/wp\/v2\/posts\/64541\/revisions"}],"predecessor-version":[{"id":112704,"href":"https:\/\/jundiai.sp.gov.br\/noticias\/wp-json\/wp\/v2\/posts\/64541\/revisions\/112704"}],"wp:attachment":[{"href":"https:\/\/jundiai.sp.gov.br\/noticias\/wp-json\/wp\/v2\/media?parent=64541"}],"wp:term":[{"taxonomy":"category","embeddable":true,"href":"https:\/\/jundiai.sp.gov.br\/noticias\/wp-json\/wp\/v2\/categories?post=64541"},{"taxonomy":"post_tag","embeddable":true,"href":"https:\/\/jundiai.sp.gov.br\/noticias\/wp-json\/wp\/v2\/tags?post=64541"},{"taxonomy":"ods","embeddable":true,"href":"https:\/\/jundiai.sp.gov.br\/noticias\/wp-json\/wp\/v2\/ods?post=64541"}],"curies":[{"name":"wp","href":"https:\/\/api.w.org\/{rel}","templated":true}]}}