{"id":64548,"date":"2013-07-07T18:20:22","date_gmt":"2013-07-07T21:20:22","guid":{"rendered":"https:\/\/jundiai.sp.gov.br\/noticias\/?p=64548"},"modified":"2016-11-04T11:41:44","modified_gmt":"2016-11-04T13:41:44","slug":"atleta-do-jundiai-clube-conquista-titulo-na-elite-da-copa-endurance","status":"publish","type":"post","link":"https:\/\/jundiai.sp.gov.br\/noticias\/2013\/07\/07\/atleta-do-jundiai-clube-conquista-titulo-na-elite-da-copa-endurance\/","title":{"rendered":"Atleta do Jundia\u00ed Clube conquista t\u00edtulo na elite da Copa Endurance"},"content":{"rendered":"<p>O atleta do Jundia\u00ed Clube, Jefferson Rodrigues, conquistou neste domingo o t\u00edtulo da Copa Endurance de Mountain Bike, que foi realizado em Jarinu. Esta foi a etapa final da competi\u00e7\u00e3o.<\/p>\n<p><strong>Mais<br \/>\n<a href=\"https:\/\/jundiai.sp.gov.br\/noticias\/2013\/07\/jundiai-vai-sediar-os-jogos-regionais-de-2015%E2%80%8F\/\" target=\"_blank\">Jundia\u00ed vai sediar os Jogos Regionais de 2015<\/a><br \/>\n<a href=\"http:\/\/www.flickr.com\/photos\/prefeituradejundiai\/sets\/72157634451283740\/page2\/\" target=\"_blank\">Veja o \u00e1lbum de fotos do evento<\/a><br \/>\n<a href=\"https:\/\/jundiai.sp.gov.br\/noticias\/jogos-regionais-votorantim-2013\/\" target=\"_blank\">Tudo sobre os Jogos Regionais<\/a><\/strong><\/p>\n<p>Jefferson Rodrigues competiu na categoria elite e ap\u00f3s tr\u00eas etapas se sagrou campe\u00e3o geral.<\/p>\n<p>\u201cEle \u00e9 um atleta de 19 anos e correu na elite, superando atletas mais experientes. O t\u00edtulo coroou a temporada dele\u201d, disse o t\u00e9cnico Edmilson de Souza Lima, o Deda.<\/p>\n<p>Na mesma competi\u00e7\u00e3o, Tiago Vicentin foi o vice-campe\u00e3o na categoria Sub30. Valdemir Alves Cardoso ficou na terceira coloca\u00e7\u00e3o na categoria Sub35. Gabriel Costa foi o 3\u00ba colocado na Sub23 e Carlos Eduardo do Amaral na 4\u00aa coloca\u00e7\u00e3o na Sub40.<\/p>\n<p><strong>Regionais<\/strong><br \/>\nA equipe segue agora para a disputa dos Jogos Regionais. A prova acontece na quarta-feira. \u201cTemos uma grande esperan\u00e7a no Jefferson Rodrigues. Apesar da maratona de provas, ele chega forte para mais esta competi\u00e7\u00e3o, que \u00e9 important\u00edssima na temporada\u201d, completou Deda.<\/p>\n<p><em><strong>Por F\u00e1bio Frattini Manzini<\/strong><\/em><\/p>\n","protected":false},"excerpt":{"rendered":"<p>O atleta do Jundia\u00ed Clube, Jefferson Rodrigues, conquistou neste domingo o t\u00edtulo da Copa Endurance de Mountain Bike, que foi realizado em Jarinu. Esta foi a etapa final da competi\u00e7\u00e3o. Mais Jundia\u00ed vai sediar os Jogos Regionais de 2015 Veja o \u00e1lbum de fotos do evento Tudo sobre os Jogos Regionais Jefferson Rodrigues competiu na [&hellip;]<\/p>\n","protected":false},"author":11,"featured_media":0,"comment_status":"closed","ping_status":"closed","sticky":false,"template":"","format":"standard","meta":{"footnotes":""},"categories":[2],"tags":[35,185,102],"ods":[],"class_list":["post-64548","post","type-post","status-publish","format-standard","hentry","category-noticias","tag-esporte-e-lazer","tag-jogos-regionais-votorantim-2013","tag-mountain-bike"],"_links":{"self":[{"href":"https:\/\/jundiai.sp.gov.br\/noticias\/wp-json\/wp\/v2\/posts\/64548","targetHints":{"allow":["GET"]}}],"collection":[{"href":"https:\/\/jundiai.sp.gov.br\/noticias\/wp-json\/wp\/v2\/posts"}],"about":[{"href":"https:\/\/jundiai.sp.gov.br\/noticias\/wp-json\/wp\/v2\/types\/post"}],"author":[{"embeddable":true,"href":"https:\/\/jundiai.sp.gov.br\/noticias\/wp-json\/wp\/v2\/users\/11"}],"replies":[{"embeddable":true,"href":"https:\/\/jundiai.sp.gov.br\/noticias\/wp-json\/wp\/v2\/comments?post=64548"}],"version-history":[{"count":1,"href":"https:\/\/jundiai.sp.gov.br\/noticias\/wp-json\/wp\/v2\/posts\/64548\/revisions"}],"predecessor-version":[{"id":112703,"href":"https:\/\/jundiai.sp.gov.br\/noticias\/wp-json\/wp\/v2\/posts\/64548\/revisions\/112703"}],"wp:attachment":[{"href":"https:\/\/jundiai.sp.gov.br\/noticias\/wp-json\/wp\/v2\/media?parent=64548"}],"wp:term":[{"taxonomy":"category","embeddable":true,"href":"https:\/\/jundiai.sp.gov.br\/noticias\/wp-json\/wp\/v2\/categories?post=64548"},{"taxonomy":"post_tag","embeddable":true,"href":"https:\/\/jundiai.sp.gov.br\/noticias\/wp-json\/wp\/v2\/tags?post=64548"},{"taxonomy":"ods","embeddable":true,"href":"https:\/\/jundiai.sp.gov.br\/noticias\/wp-json\/wp\/v2\/ods?post=64548"}],"curies":[{"name":"wp","href":"https:\/\/api.w.org\/{rel}","templated":true}]}}