{"id":64551,"date":"2013-07-07T18:23:43","date_gmt":"2013-07-07T21:23:43","guid":{"rendered":"https:\/\/jundiai.sp.gov.br\/noticias\/?p=64551"},"modified":"2016-11-04T11:42:29","modified_gmt":"2016-11-04T13:42:29","slug":"volei-feminino-esta-na-semifinal-dos-jogos-regionais","status":"publish","type":"post","link":"https:\/\/jundiai.sp.gov.br\/noticias\/2013\/07\/07\/volei-feminino-esta-na-semifinal-dos-jogos-regionais\/","title":{"rendered":"V\u00f4lei feminino est\u00e1 na semifinal dos Jogos Regionais"},"content":{"rendered":"<p>Jundia\u00ed est\u00e1 nas semifinais dos Jogos Regionais de Votorantim. A equipe bateu neste domingo (7) Boituva por 3 sets a 0, parciais de 25\/17, 25\/10 e 25\/9. Nesta segunda-feira, a equipe faz a semifinal contra Campo Limpo Paulista, hor\u00e1rio ainda n\u00e3o est\u00e1 confirmado.<\/p>\n<p><strong>Mais<br \/>\n<a href=\"https:\/\/jundiai.sp.gov.br\/noticias\/2013\/07\/jundiai-vai-sediar-os-jogos-regionais-de-2015%E2%80%8F\/\" target=\"_blank\">Jundia\u00ed vai sediar os Jogos Regionais em 2015<\/a><br \/>\n<a href=\"https:\/\/jundiai.sp.gov.br\/noticias\/2013\/07\/tenis-feminino-conquista-os-jogos-regionais\/\" target=\"_blank\">T\u00eanis feminino conquista os Jogos Regionais<\/a><br \/>\n<a href=\"http:\/\/www.flickr.com\/photos\/prefeituradejundiai\/sets\/72157634451283740\/page2\/\" target=\"_blank\">Veja o \u00e1lbum de fotos do evento<\/a><br \/>\n<a href=\"https:\/\/jundiai.sp.gov.br\/noticias\/jogos-regionais-votorantim-2013\/\" target=\"_blank\">Tudo sobre os Jogos Regionais<\/a><\/strong><\/p>\n<p>\u201cAs jogadoras come\u00e7aram a partida nervosas e elas sacando bem. Quando colocamos a cabe\u00e7a no lugar, conseguimos jogar nosso v\u00f4lei e abrimos vantagem no placar\u201d, disse o t\u00e9cnico Ademir Zamboni,<\/p>\n<p>Para o treinador, a partida desta segunda-feira ser\u00e1 uma final antecipada. \u201c\u00c9 um jogo muito dif\u00edcil, complicado. Campo Limpo contratou algumas jogadoras e chegou aos Regionais como favorito ao t\u00edtulo. Vamos fazer o jogo do campeonato\u201d, completou Zamboni.<\/p>\n<p><em><strong>Por F\u00e1bio Frattini Manzini<\/strong><\/em><\/p>\n","protected":false},"excerpt":{"rendered":"<p>Jundia\u00ed est\u00e1 nas semifinais dos Jogos Regionais de Votorantim. A equipe bateu neste domingo (7) Boituva por 3 sets a 0, parciais de 25\/17, 25\/10 e 25\/9. Nesta segunda-feira, a equipe faz a semifinal contra Campo Limpo Paulista, hor\u00e1rio ainda n\u00e3o est\u00e1 confirmado. Mais Jundia\u00ed vai sediar os Jogos Regionais em 2015 T\u00eanis feminino conquista [&hellip;]<\/p>\n","protected":false},"author":11,"featured_media":0,"comment_status":"closed","ping_status":"closed","sticky":false,"template":"","format":"standard","meta":{"footnotes":""},"categories":[2],"tags":[35,185,109],"ods":[],"class_list":["post-64551","post","type-post","status-publish","format-standard","hentry","category-noticias","tag-esporte-e-lazer","tag-jogos-regionais-votorantim-2013","tag-volei"],"_links":{"self":[{"href":"https:\/\/jundiai.sp.gov.br\/noticias\/wp-json\/wp\/v2\/posts\/64551","targetHints":{"allow":["GET"]}}],"collection":[{"href":"https:\/\/jundiai.sp.gov.br\/noticias\/wp-json\/wp\/v2\/posts"}],"about":[{"href":"https:\/\/jundiai.sp.gov.br\/noticias\/wp-json\/wp\/v2\/types\/post"}],"author":[{"embeddable":true,"href":"https:\/\/jundiai.sp.gov.br\/noticias\/wp-json\/wp\/v2\/users\/11"}],"replies":[{"embeddable":true,"href":"https:\/\/jundiai.sp.gov.br\/noticias\/wp-json\/wp\/v2\/comments?post=64551"}],"version-history":[{"count":1,"href":"https:\/\/jundiai.sp.gov.br\/noticias\/wp-json\/wp\/v2\/posts\/64551\/revisions"}],"predecessor-version":[{"id":112702,"href":"https:\/\/jundiai.sp.gov.br\/noticias\/wp-json\/wp\/v2\/posts\/64551\/revisions\/112702"}],"wp:attachment":[{"href":"https:\/\/jundiai.sp.gov.br\/noticias\/wp-json\/wp\/v2\/media?parent=64551"}],"wp:term":[{"taxonomy":"category","embeddable":true,"href":"https:\/\/jundiai.sp.gov.br\/noticias\/wp-json\/wp\/v2\/categories?post=64551"},{"taxonomy":"post_tag","embeddable":true,"href":"https:\/\/jundiai.sp.gov.br\/noticias\/wp-json\/wp\/v2\/tags?post=64551"},{"taxonomy":"ods","embeddable":true,"href":"https:\/\/jundiai.sp.gov.br\/noticias\/wp-json\/wp\/v2\/ods?post=64551"}],"curies":[{"name":"wp","href":"https:\/\/api.w.org\/{rel}","templated":true}]}}