{"id":64557,"date":"2013-07-07T20:56:04","date_gmt":"2013-07-07T23:56:04","guid":{"rendered":"https:\/\/jundiai.sp.gov.br\/noticias\/?p=64557"},"modified":"2016-11-04T11:42:31","modified_gmt":"2016-11-04T13:42:31","slug":"atletismo-conquista-o-jogos-regionais-depois-de-10-anos","status":"publish","type":"post","link":"https:\/\/jundiai.sp.gov.br\/noticias\/2013\/07\/07\/atletismo-conquista-o-jogos-regionais-depois-de-10-anos\/","title":{"rendered":"Atletismo conquista o Jogos Regionais depois de 10 anos"},"content":{"rendered":"<p>Depois de 10 anos, o atletismo jundiaiense faturou o t\u00edtulo dos Jogos Regionais em Votorantim. Tanto o feminino, quanto o masculino ficaram na 1\u00aa coloca\u00e7\u00e3o depois de tr\u00eas dias de disputa.<\/p>\n<p><strong>Mais<br \/>\n<a href=\"https:\/\/jundiai.sp.gov.br\/noticias\/jogos-regionais-votorantim-2013\/\" target=\"_blank\">Tudo sobre os Jogos Regionais<\/a><br \/>\n<a href=\"http:\/\/www.flickr.com\/photos\/prefeituradejundiai\/sets\/72157634451283740\/with\/9232439745\/\" target=\"_blank\">Veja o \u00e1lbum de fotos do evento<\/a><br \/>\n<a href=\"https:\/\/jundiai.sp.gov.br\/noticias\/2013\/07\/jundiai-vai-sediar-os-jogos-regionais-de-2015%E2%80%8F\/\" target=\"_blank\">Jundia\u00ed vai sediar os Jogos Regionais de 2015\u200f<\/a><\/strong><\/p>\n<p>No \u00faltimo dia, o feminino conquistou tr\u00eas medalhas neste domingo (7). Katia Bicudo faturou duas medalhas de ouro, no lan\u00e7amento de dardo e no arremesso de peso. Ana Luisa de Lima levou bronze nos 200m.<\/p>\n<p>No masculino, o destaque do dia foi Alex Albano levou ouro no 400m e dois bronzes \u2013 200m e 400m com barreiras. Henrique Silva ficou com o bronze nos 10km e Tiago Teixeira levou prata no 10km e Alan Neves prata no salto em altura. O revezamento 4 x 400 levou ouro.<\/p>\n<p>Na sexta-feira, a equipe faturou oito medalhas \u2013 3 de ouro, 4 de prata e 1 bronze. No s\u00e1bado, a equipe conquistou 12 medalhas, sendo uma de ouro, 4 medalhas de prata e 7 de bronze.<\/p>\n<p><em><strong>Por F\u00e1bio Frattini Manzini<\/strong><\/em><\/p>\n","protected":false},"excerpt":{"rendered":"<p>Depois de 10 anos, o atletismo jundiaiense faturou o t\u00edtulo dos Jogos Regionais em Votorantim. Tanto o feminino, quanto o masculino ficaram na 1\u00aa coloca\u00e7\u00e3o depois de tr\u00eas dias de disputa. Mais Tudo sobre os Jogos Regionais Veja o \u00e1lbum de fotos do evento Jundia\u00ed vai sediar os Jogos Regionais de 2015\u200f No \u00faltimo dia, [&hellip;]<\/p>\n","protected":false},"author":11,"featured_media":0,"comment_status":"closed","ping_status":"closed","sticky":false,"template":"","format":"standard","meta":{"footnotes":""},"categories":[2],"tags":[104,35,185],"ods":[],"class_list":["post-64557","post","type-post","status-publish","format-standard","hentry","category-noticias","tag-atletismo","tag-esporte-e-lazer","tag-jogos-regionais-votorantim-2013"],"_links":{"self":[{"href":"https:\/\/jundiai.sp.gov.br\/noticias\/wp-json\/wp\/v2\/posts\/64557","targetHints":{"allow":["GET"]}}],"collection":[{"href":"https:\/\/jundiai.sp.gov.br\/noticias\/wp-json\/wp\/v2\/posts"}],"about":[{"href":"https:\/\/jundiai.sp.gov.br\/noticias\/wp-json\/wp\/v2\/types\/post"}],"author":[{"embeddable":true,"href":"https:\/\/jundiai.sp.gov.br\/noticias\/wp-json\/wp\/v2\/users\/11"}],"replies":[{"embeddable":true,"href":"https:\/\/jundiai.sp.gov.br\/noticias\/wp-json\/wp\/v2\/comments?post=64557"}],"version-history":[{"count":1,"href":"https:\/\/jundiai.sp.gov.br\/noticias\/wp-json\/wp\/v2\/posts\/64557\/revisions"}],"predecessor-version":[{"id":112701,"href":"https:\/\/jundiai.sp.gov.br\/noticias\/wp-json\/wp\/v2\/posts\/64557\/revisions\/112701"}],"wp:attachment":[{"href":"https:\/\/jundiai.sp.gov.br\/noticias\/wp-json\/wp\/v2\/media?parent=64557"}],"wp:term":[{"taxonomy":"category","embeddable":true,"href":"https:\/\/jundiai.sp.gov.br\/noticias\/wp-json\/wp\/v2\/categories?post=64557"},{"taxonomy":"post_tag","embeddable":true,"href":"https:\/\/jundiai.sp.gov.br\/noticias\/wp-json\/wp\/v2\/tags?post=64557"},{"taxonomy":"ods","embeddable":true,"href":"https:\/\/jundiai.sp.gov.br\/noticias\/wp-json\/wp\/v2\/ods?post=64557"}],"curies":[{"name":"wp","href":"https:\/\/api.w.org\/{rel}","templated":true}]}}