{"id":65274,"date":"2013-07-16T18:55:13","date_gmt":"2013-07-16T21:55:13","guid":{"rendered":"https:\/\/jundiai.sp.gov.br\/noticias\/?p=65274"},"modified":"2016-11-04T11:40:54","modified_gmt":"2016-11-04T13:40:54","slug":"festival-de-ferias-leva-2-mil-pessoas-ao-teatro-polytheama","status":"publish","type":"post","link":"https:\/\/jundiai.sp.gov.br\/noticias\/2013\/07\/16\/festival-de-ferias-leva-2-mil-pessoas-ao-teatro-polytheama\/","title":{"rendered":"Festival de F\u00e9rias leva 2 mil pessoas ao Teatro Polytheama"},"content":{"rendered":"<p>Nesta segunda-feira (15), a rua Bar\u00e3o de Jundia\u00ed ficou pequena para a quantidade de fam\u00edlias e crian\u00e7as que esperavam a retirada de ingresso para assistir ao espet\u00e1culo &#8220;Os tr\u00eas Porquinhos&#8221;, apresentado pela Cia Rick e Kelly. Cerca de 2 mil pessoas lotaram o Teatro Polytheama em tr\u00eas sess\u00f5es. A retirada dos ingressos foi liberada \u00e0s 14h30, mas o p\u00fablico n\u00e3o parava de chegar.<br \/>\n<strong><br \/>\nMais<br \/>\n<a href=\"https:\/\/jundiai.sp.gov.br\/noticias\/2013\/07\/orquestra-municipal-abre-temporada-neste-sabado-13\/\" target=\"_blank\">Orquestra Municipal inicia temporada<\/a><\/strong><\/p>\n<div id=\"attachment_143961\" style=\"width: 730px\" class=\"wp-caption aligncenter\"><a href=\"https:\/\/jundiai.sp.gov.br\/noticias\/wp-content\/uploads\/sites\/32\/2013\/07\/rick_kely_polytheama_p_204G1.jpg\"><img loading=\"lazy\" decoding=\"async\" aria-describedby=\"caption-attachment-143961\" src=\"https:\/\/jundiai.sp.gov.br\/noticias\/wp-content\/uploads\/sites\/32\/2013\/07\/rick_kely_polytheama_p_204G1-720x456.jpg\" alt=\"Cerca de 2 mil pessoas assistiram ao espet\u00e1culo, em 3 sess\u00f5es\" width=\"720\" height=\"456\" class=\"size-large wp-image-143961\" srcset=\"https:\/\/jundiai.sp.gov.br\/noticias\/wp-content\/uploads\/sites\/32\/2013\/07\/rick_kely_polytheama_p_204G1-720x456.jpg 720w, https:\/\/jundiai.sp.gov.br\/noticias\/wp-content\/uploads\/sites\/32\/2013\/07\/rick_kely_polytheama_p_204G1-300x190.jpg 300w, https:\/\/jundiai.sp.gov.br\/noticias\/wp-content\/uploads\/sites\/32\/2013\/07\/rick_kely_polytheama_p_204G1.jpg 1240w\" sizes=\"auto, (max-width: 720px) 100vw, 720px\" \/><\/a><p id=\"caption-attachment-143961\" class=\"wp-caption-text\">Cerca de 2 mil pessoas assistiram ao espet\u00e1culo, em 3 sess\u00f5es<\/p><\/div>\n<p>&#8220;As outras duas sess\u00f5es s\u00f3 foram poss\u00edveis porque a Secretaria de Cultura j\u00e1 tinha os contratos finalizados com o grupo. Caso contr\u00e1rio, muitas pessoas n\u00e3o iriam conseguir assistir ao espet\u00e1culo. Estamos muito felizes com o sucesso. O teatro com certeza modifica todas as pessoas e torna as crian\u00e7as muito mais conscientes desde cedo&#8221;, afirmou a diretora de Teatro, Carla Pagani.<\/p>\n<p>O secret\u00e1rio de Cultura, T\u00e9rcio Marinho, tamb\u00e9m prestigiou a apresenta\u00e7\u00e3o que abriu o 1\u00ba Festival de F\u00e9rias, que ter\u00e1 diversas apresenta\u00e7\u00f5es infantis com entrada gratuita e outras para o p\u00fablico jovem e adulto. &#8220;Isto mostra que estamos no caminho certo, incentivando a ida de crian\u00e7as e adultos ao teatro, estamos trabalhando para formar um p\u00fablico cultura e uma sociedade mais justa.&#8221;<\/p>\n<p><div id=\"attachment_143960\" style=\"width: 410px\" class=\"wp-caption alignright\"><a href=\"https:\/\/jundiai.sp.gov.br\/noticias\/wp-content\/uploads\/sites\/32\/2013\/07\/rick_kely_polytheama_p_153G2.jpg\"><img loading=\"lazy\" decoding=\"async\" aria-describedby=\"caption-attachment-143960\" src=\"https:\/\/jundiai.sp.gov.br\/noticias\/wp-content\/uploads\/sites\/32\/2013\/07\/rick_kely_polytheama_p_153G2-720x552.jpg\" alt=\"A Cia. Rick e Kelly apresentou a pe\u00e7a \u201cOs Tr\u00eas Porquinhos\u201d\" width=\"400\" height=\"400\" class=\"size-large wp-image-143960\" \/><\/a><p id=\"caption-attachment-143960\" class=\"wp-caption-text\">A Cia. Rick e Kelly apresentou a pe\u00e7a \u201cOs Tr\u00eas Porquinhos\u201d<\/p><\/div><strong>Contratos<\/strong><br \/>\nA abertura, in\u00e9dita, de duas outras sess\u00f5es extras somente aconteceu porque a Secretaria de Cultura j\u00e1 tinha contrato para outras apresenta\u00e7\u00f5es com o grupo, toda contrata\u00e7\u00e3o na administra\u00e7\u00e3o p\u00fablica somente pode ser efetivada ap\u00f3s o or\u00e7amento ser liberado.<\/p>\n<p>&#8220;Para as pr\u00f3ximas apresenta\u00e7\u00f5es infantis com entrada gratuita iremos estudar a melhor forma para fazer a entrega de convites, para que n\u00e3o haja este tipo de contratempo&#8221;, explicou Carla.<\/p>\n<p>O pr\u00f3ximo espet\u00e1culo infantil ser\u00e1 &#8220;Ester Jabolonga, sa\u00fade e vida longa&#8221;, nesta quinta-feira (18), \u00e0s 16h30, e a retirada dos ingressos ser\u00e1 liberada duas horas antes do in\u00edcio da sess\u00e3o.<\/p>\n<p><em><strong>Por Fl\u00e1via Alves<\/strong><\/em><br \/>\n<em><strong> Fotos: Paulo Gr\u00e9gio<\/strong><\/em><\/p>\n","protected":false},"excerpt":{"rendered":"<p>O pr\u00f3ximo espet\u00e1culo infantil ser\u00e1 &#8216;Ester Jabolonga, sa\u00fade e vida longa&#8217;, na quinta-feira (18), \u00e0s 16h30<\/p>\n","protected":false},"author":11,"featured_media":0,"comment_status":"closed","ping_status":"closed","sticky":false,"template":"","format":"standard","meta":{"footnotes":""},"categories":[2],"tags":[29,189],"ods":[],"class_list":["post-65274","post","type-post","status-publish","format-standard","hentry","category-noticias","tag-cultura","tag-festival-de-ferias-2013"],"_links":{"self":[{"href":"https:\/\/jundiai.sp.gov.br\/noticias\/wp-json\/wp\/v2\/posts\/65274","targetHints":{"allow":["GET"]}}],"collection":[{"href":"https:\/\/jundiai.sp.gov.br\/noticias\/wp-json\/wp\/v2\/posts"}],"about":[{"href":"https:\/\/jundiai.sp.gov.br\/noticias\/wp-json\/wp\/v2\/types\/post"}],"author":[{"embeddable":true,"href":"https:\/\/jundiai.sp.gov.br\/noticias\/wp-json\/wp\/v2\/users\/11"}],"replies":[{"embeddable":true,"href":"https:\/\/jundiai.sp.gov.br\/noticias\/wp-json\/wp\/v2\/comments?post=65274"}],"version-history":[{"count":2,"href":"https:\/\/jundiai.sp.gov.br\/noticias\/wp-json\/wp\/v2\/posts\/65274\/revisions"}],"predecessor-version":[{"id":143959,"href":"https:\/\/jundiai.sp.gov.br\/noticias\/wp-json\/wp\/v2\/posts\/65274\/revisions\/143959"}],"wp:attachment":[{"href":"https:\/\/jundiai.sp.gov.br\/noticias\/wp-json\/wp\/v2\/media?parent=65274"}],"wp:term":[{"taxonomy":"category","embeddable":true,"href":"https:\/\/jundiai.sp.gov.br\/noticias\/wp-json\/wp\/v2\/categories?post=65274"},{"taxonomy":"post_tag","embeddable":true,"href":"https:\/\/jundiai.sp.gov.br\/noticias\/wp-json\/wp\/v2\/tags?post=65274"},{"taxonomy":"ods","embeddable":true,"href":"https:\/\/jundiai.sp.gov.br\/noticias\/wp-json\/wp\/v2\/ods?post=65274"}],"curies":[{"name":"wp","href":"https:\/\/api.w.org\/{rel}","templated":true}]}}