{"id":66006,"date":"2013-07-26T18:07:58","date_gmt":"2013-07-26T21:07:58","guid":{"rendered":"https:\/\/jundiai.sp.gov.br\/noticias\/?p=66006"},"modified":"2016-11-04T11:40:18","modified_gmt":"2016-11-04T13:40:18","slug":"aglomeracao-promove-conferencia-regional-do-meio-ambiente","status":"publish","type":"post","link":"https:\/\/jundiai.sp.gov.br\/noticias\/2013\/07\/26\/aglomeracao-promove-conferencia-regional-do-meio-ambiente\/","title":{"rendered":"Aglomera\u00e7\u00e3o Urbana promove Confer\u00eancia"},"content":{"rendered":"<p>As sete cidades que formam a AUJ (Aglomera\u00e7\u00e3o Urbana de Jundia\u00ed) realizam nos dias 2 e 3 de agosto a 1\u00aa Confer\u00eancia Regional do Meio Ambiente. Representantes dos munic\u00edpios de Jundia\u00ed, Cabre\u00fava, Louveira, Jarinu, Campo Limpo Paulista, V\u00e1rzea Paulista e Itupeva se re\u00fanem para debater a implementa\u00e7\u00e3o da Pol\u00edtica Nacional de Res\u00edduos S\u00f3lidos na regi\u00e3o da Aglomera\u00e7\u00e3o.<\/p>\n<p><strong>Mais<br \/>\n<a href=\"https:\/\/jundiai.sp.gov.br\/noticias\/2013\/07\/passeio-cultural-apresenta-monumentos-historicos-a-populacao-de-jundiai\/\" target=\"_blank\">Passeio Cultural apresenta monumentos hist\u00f3ricos \u00e0 popula\u00e7\u00e3o de Jundia\u00ed<\/a><\/strong><\/p>\n<p>A abertura oficial da Confer\u00eancia ser\u00e1 realizada na C\u00e2mara Municipal de Louveira, na sexta-feira (2), a partir das 19h. Est\u00e1 prevista uma palestra sobre o tema \u201cres\u00edduos s\u00f3lidos\u201d. &#8220;Temos de discutir esta quest\u00e3o dos res\u00edduos s\u00f3lidos, como vamos conduzir isso&#8221;, destaca o diretor de Meio Ambiente da Prefeitura de Jundia\u00ed, Fl\u00e1vio Gramolelli.<\/p>\n<p>O evento prossegue dia 3 (s\u00e1bado), s\u00f3 que em Itupeva, no sal\u00e3o da Igreja de Santo Ant\u00f4nio (avenida Brasil, 1.242). A programa\u00e7\u00e3o come\u00e7a \u00e0s 9h e vai at\u00e9 as 17h.<\/p>\n<p>Os participantes v\u00e3o debater o tema \u201cres\u00edduos s\u00f3lidos\u201d com base em quatro eixos tem\u00e1ticos: produ\u00e7\u00e3o e consumo sustent\u00e1veis, redu\u00e7\u00e3o dos impactos ambientais, gera\u00e7\u00e3o de emprego e renda e educa\u00e7\u00e3o ambiental. As inscri\u00e7\u00f5es podem ser feitas pelo <a href=\"http:\/\/www.itupeva.sp.gov.br\/index.php?option=com_artforms&amp;formid=4\" target=\"_blank\">site<\/a>.<\/p>\n<p>A Confer\u00eancia Regional vai indicar os delegados para a etapa Estadual, que ser\u00e1 realizada em setembro.<\/p>\n","protected":false},"excerpt":{"rendered":"<p>A abertura do encontro ser\u00e1 realizada na C\u00e2mara Municipal de Louveira, na sexta-feira (2)<\/p>\n","protected":false},"author":11,"featured_media":0,"comment_status":"closed","ping_status":"closed","sticky":false,"template":"","format":"standard","meta":{"footnotes":""},"categories":[2],"tags":[32],"ods":[],"class_list":["post-66006","post","type-post","status-publish","format-standard","hentry","category-noticias","tag-planejamento-e-meio-ambiente"],"_links":{"self":[{"href":"https:\/\/jundiai.sp.gov.br\/noticias\/wp-json\/wp\/v2\/posts\/66006","targetHints":{"allow":["GET"]}}],"collection":[{"href":"https:\/\/jundiai.sp.gov.br\/noticias\/wp-json\/wp\/v2\/posts"}],"about":[{"href":"https:\/\/jundiai.sp.gov.br\/noticias\/wp-json\/wp\/v2\/types\/post"}],"author":[{"embeddable":true,"href":"https:\/\/jundiai.sp.gov.br\/noticias\/wp-json\/wp\/v2\/users\/11"}],"replies":[{"embeddable":true,"href":"https:\/\/jundiai.sp.gov.br\/noticias\/wp-json\/wp\/v2\/comments?post=66006"}],"version-history":[{"count":1,"href":"https:\/\/jundiai.sp.gov.br\/noticias\/wp-json\/wp\/v2\/posts\/66006\/revisions"}],"predecessor-version":[{"id":148458,"href":"https:\/\/jundiai.sp.gov.br\/noticias\/wp-json\/wp\/v2\/posts\/66006\/revisions\/148458"}],"wp:attachment":[{"href":"https:\/\/jundiai.sp.gov.br\/noticias\/wp-json\/wp\/v2\/media?parent=66006"}],"wp:term":[{"taxonomy":"category","embeddable":true,"href":"https:\/\/jundiai.sp.gov.br\/noticias\/wp-json\/wp\/v2\/categories?post=66006"},{"taxonomy":"post_tag","embeddable":true,"href":"https:\/\/jundiai.sp.gov.br\/noticias\/wp-json\/wp\/v2\/tags?post=66006"},{"taxonomy":"ods","embeddable":true,"href":"https:\/\/jundiai.sp.gov.br\/noticias\/wp-json\/wp\/v2\/ods?post=66006"}],"curies":[{"name":"wp","href":"https:\/\/api.w.org\/{rel}","templated":true}]}}