{"id":66462,"date":"2013-07-31T19:06:30","date_gmt":"2013-07-31T22:06:30","guid":{"rendered":"https:\/\/jundiai.sp.gov.br\/noticias\/?p=66462"},"modified":"2016-11-04T10:55:52","modified_gmt":"2016-11-04T12:55:52","slug":"lucas-marqueti-inicia-trabalhos-no-futsal-feminino","status":"publish","type":"post","link":"https:\/\/jundiai.sp.gov.br\/noticias\/2013\/07\/31\/lucas-marqueti-inicia-trabalhos-no-futsal-feminino\/","title":{"rendered":"Lucas Marqueti inicia trabalhos no futsal feminino"},"content":{"rendered":"<p>Novo t\u00e9cnico do futsal feminino do Clube S\u00e3o Jo\u00e3o\/Jundia\u00ed, Lucas Marqueti, 24 anos, iniciou os trabalhos na tarde desta quarta-feira (31), no Centro Esportivo Rom\u00e3o de Souza. A equipe adulta se reapresentou nesta quarta depois da conquista da medalha de prata no Jogos Regionais.<\/p>\n<p><strong>Mais<br \/>\n<a href=\"https:\/\/jundiai.sp.gov.br\/noticias\/2013\/07\/campeonato-de-futebol-sub11-tera-quarta-rodada-no-sabado\/\" target=\"_blank\">Campeonato de Futebol Sub11 ter\u00e1 quarta rodada no s\u00e1bado (3)<\/a><\/strong><\/p>\n<p><div id=\"attachment_141914\" style=\"width: 410px\" class=\"wp-caption alignleft\"><a href=\"https:\/\/jundiai.sp.gov.br\/noticias\/wp-content\/uploads\/sites\/32\/2013\/07\/marchetig1.jpg\"><img loading=\"lazy\" decoding=\"async\" aria-describedby=\"caption-attachment-141914\" src=\"https:\/\/jundiai.sp.gov.br\/noticias\/wp-content\/uploads\/sites\/32\/2013\/07\/marchetig1-720x515.jpg\" alt=\"Lucas Marqueti tem 24 anos e iniciou trabalho nesta quarta-feira\" width=\"400\" height=\"400\" class=\"size-large wp-image-141914\" \/><\/a><p id=\"caption-attachment-141914\" class=\"wp-caption-text\">Lucas Marqueti tem 24 anos e iniciou trabalho nesta quarta-feira<\/p><\/div>Lucas Marqueti, que trabalha no Clube S\u00e3o Jo\u00e3o desde 2011, assume nova fun\u00e7\u00e3o substituindo a t\u00e9cnica Tatisa Zonaro. A treinadora se dedicar\u00e1 exclusivamente ao time feminino de campo do Paulista.<\/p>\n<p>\u201cEspero manter o n\u00edvel e o bom desempenho obtido pela equipe no primeiro semestre, como o vice-campeonato da Copa TV Tem e do Jogos Regionais\u201d, disse Lucas.<\/p>\n<p>A equipe adulta se prepara para disputa dos Jogos Abertos do Interior e Copa Campinas de futsal. \u201cVamos utilizar a Copa Campinas para acertarmos a equipe visando o Jogos Abertos do Interior, que \u00e9 nosso foco principal.\u201d<\/p>\n<p>Lucas Marquetti ser\u00e1 auxiliado por Erick Cunha e j\u00e1 tem experi\u00eancia na modalidade. Ele trabalhou com o futsal feminino em Presidente Prudente e na Faculdade de Medicina em Jundia\u00ed. \u201c\u00c9 uma boa oportunidade e estou bem motivado\u201d, concluiu.<\/p>\n<p>O S\u00e3o Jo\u00e3o\/Jundia\u00ed conta com apoio da Secretaria Adjunta de Esportes.<\/p>\n<p><em><strong>Assessoria de Imprensa<br \/>\nFoto: Fotos PJ<\/strong><\/em><\/p>\n","protected":false},"excerpt":{"rendered":"<p>Atleta trabalha no Clube S\u00e3o Jo\u00e3o desde 2011, assume nova fun\u00e7\u00e3o substituindo a t\u00e9cnica Tatisa Zonaro<\/p>\n","protected":false},"author":11,"featured_media":0,"comment_status":"closed","ping_status":"closed","sticky":false,"template":"","format":"standard","meta":{"footnotes":""},"categories":[2],"tags":[35],"ods":[],"class_list":["post-66462","post","type-post","status-publish","format-standard","hentry","category-noticias","tag-esporte-e-lazer"],"_links":{"self":[{"href":"https:\/\/jundiai.sp.gov.br\/noticias\/wp-json\/wp\/v2\/posts\/66462","targetHints":{"allow":["GET"]}}],"collection":[{"href":"https:\/\/jundiai.sp.gov.br\/noticias\/wp-json\/wp\/v2\/posts"}],"about":[{"href":"https:\/\/jundiai.sp.gov.br\/noticias\/wp-json\/wp\/v2\/types\/post"}],"author":[{"embeddable":true,"href":"https:\/\/jundiai.sp.gov.br\/noticias\/wp-json\/wp\/v2\/users\/11"}],"replies":[{"embeddable":true,"href":"https:\/\/jundiai.sp.gov.br\/noticias\/wp-json\/wp\/v2\/comments?post=66462"}],"version-history":[{"count":2,"href":"https:\/\/jundiai.sp.gov.br\/noticias\/wp-json\/wp\/v2\/posts\/66462\/revisions"}],"predecessor-version":[{"id":141913,"href":"https:\/\/jundiai.sp.gov.br\/noticias\/wp-json\/wp\/v2\/posts\/66462\/revisions\/141913"}],"wp:attachment":[{"href":"https:\/\/jundiai.sp.gov.br\/noticias\/wp-json\/wp\/v2\/media?parent=66462"}],"wp:term":[{"taxonomy":"category","embeddable":true,"href":"https:\/\/jundiai.sp.gov.br\/noticias\/wp-json\/wp\/v2\/categories?post=66462"},{"taxonomy":"post_tag","embeddable":true,"href":"https:\/\/jundiai.sp.gov.br\/noticias\/wp-json\/wp\/v2\/tags?post=66462"},{"taxonomy":"ods","embeddable":true,"href":"https:\/\/jundiai.sp.gov.br\/noticias\/wp-json\/wp\/v2\/ods?post=66462"}],"curies":[{"name":"wp","href":"https:\/\/api.w.org\/{rel}","templated":true}]}}