{"id":67141,"date":"2013-08-08T19:05:11","date_gmt":"2013-08-08T22:05:11","guid":{"rendered":"https:\/\/jundiai.sp.gov.br\/noticias\/?p=67141"},"modified":"2016-11-04T10:55:54","modified_gmt":"2016-11-04T12:55:54","slug":"prefeito-de-apiai-visita-paco-municipal-de-jundiai","status":"publish","type":"post","link":"https:\/\/jundiai.sp.gov.br\/noticias\/2013\/08\/08\/prefeito-de-apiai-visita-paco-municipal-de-jundiai\/","title":{"rendered":"Prefeito de Apia\u00ed visita Pa\u00e7o Municipal de Jundia\u00ed"},"content":{"rendered":"<p>O prefeito Pedro Bigardi recebeu, nesta quinta-feira (8), a visita do prefeito de Apia\u00ed (SP), Ari Kinor. Ambos falaram sobre o trabalho realizado em cada munic\u00edpio nos primeiros meses de trabalho.<\/p>\n<p><strong>Mais<br \/>\n<a href=\"https:\/\/jundiai.sp.gov.br\/noticias\/2013\/08\/dia-dos-pais-setransp-organiza-transito-proximo-aos-cemiterios\/\" target=\"_blank\">Dia dos Pais: Setransp organiza tr\u00e2nsito pr\u00f3ximo aos cemit\u00e9rios<\/a><\/strong><\/p>\n<div id=\"attachment_141544\" style=\"width: 730px\" class=\"wp-caption aligncenter\"><a href=\"https:\/\/jundiai.sp.gov.br\/noticias\/wp-content\/uploads\/sites\/32\/2013\/08\/visita_perefeito_apiai_d1g.jpg\"><img loading=\"lazy\" decoding=\"async\" aria-describedby=\"caption-attachment-141544\" src=\"https:\/\/jundiai.sp.gov.br\/noticias\/wp-content\/uploads\/sites\/32\/2013\/08\/visita_perefeito_apiai_d1g-720x456.jpg\" alt=\"Pedro Bigardi e Ari Kinor falaram sobre primeiros meses de governo\" width=\"720\" height=\"456\" class=\"size-large wp-image-141544\" srcset=\"https:\/\/jundiai.sp.gov.br\/noticias\/wp-content\/uploads\/sites\/32\/2013\/08\/visita_perefeito_apiai_d1g-720x456.jpg 720w, https:\/\/jundiai.sp.gov.br\/noticias\/wp-content\/uploads\/sites\/32\/2013\/08\/visita_perefeito_apiai_d1g-300x190.jpg 300w, https:\/\/jundiai.sp.gov.br\/noticias\/wp-content\/uploads\/sites\/32\/2013\/08\/visita_perefeito_apiai_d1g.jpg 1240w\" sizes=\"auto, (max-width: 720px) 100vw, 720px\" \/><\/a><p id=\"caption-attachment-141544\" class=\"wp-caption-text\">Pedro Bigardi e Ari Kinor falaram sobre primeiros meses de governo<\/p><\/div>\n<p>Pedro Bigardi destacou que, assim como em Apia\u00ed, h\u00e1 uma grande expectativa da popula\u00e7\u00e3o por conta da troca de governo. \u201cEstamos trabalhando muito para deixar a cidade cada vez melhor.&#8221;<\/p>\n<p>Enquanto deputado, Pedro Bigardi conseguiu duas emendas parlamentares que beneficiaram o munic\u00edpio de Apia\u00ed.<br \/>\n<em><strong><br \/>\nFotos: Dorival Pinheiro Filho<\/strong><\/em><\/p>\n","protected":false},"excerpt":{"rendered":"<p>O prefeito Pedro Bigardi recebeu, nesta quinta-feira (8), a visita do prefeito de Apia\u00ed (SP), Ari Kinor. Ambos falaram sobre o trabalho realizado em cada munic\u00edpio nos primeiros meses de trabalho. Mais Dia dos Pais: Setransp organiza tr\u00e2nsito pr\u00f3ximo aos cemit\u00e9rios Pedro Bigardi destacou que, assim como em Apia\u00ed, h\u00e1 uma grande expectativa da popula\u00e7\u00e3o [&hellip;]<\/p>\n","protected":false},"author":11,"featured_media":0,"comment_status":"closed","ping_status":"closed","sticky":false,"template":"","format":"standard","meta":{"footnotes":""},"categories":[2],"tags":[58],"ods":[],"class_list":["post-67141","post","type-post","status-publish","format-standard","hentry","category-noticias","tag-prefeito"],"_links":{"self":[{"href":"https:\/\/jundiai.sp.gov.br\/noticias\/wp-json\/wp\/v2\/posts\/67141","targetHints":{"allow":["GET"]}}],"collection":[{"href":"https:\/\/jundiai.sp.gov.br\/noticias\/wp-json\/wp\/v2\/posts"}],"about":[{"href":"https:\/\/jundiai.sp.gov.br\/noticias\/wp-json\/wp\/v2\/types\/post"}],"author":[{"embeddable":true,"href":"https:\/\/jundiai.sp.gov.br\/noticias\/wp-json\/wp\/v2\/users\/11"}],"replies":[{"embeddable":true,"href":"https:\/\/jundiai.sp.gov.br\/noticias\/wp-json\/wp\/v2\/comments?post=67141"}],"version-history":[{"count":2,"href":"https:\/\/jundiai.sp.gov.br\/noticias\/wp-json\/wp\/v2\/posts\/67141\/revisions"}],"predecessor-version":[{"id":141543,"href":"https:\/\/jundiai.sp.gov.br\/noticias\/wp-json\/wp\/v2\/posts\/67141\/revisions\/141543"}],"wp:attachment":[{"href":"https:\/\/jundiai.sp.gov.br\/noticias\/wp-json\/wp\/v2\/media?parent=67141"}],"wp:term":[{"taxonomy":"category","embeddable":true,"href":"https:\/\/jundiai.sp.gov.br\/noticias\/wp-json\/wp\/v2\/categories?post=67141"},{"taxonomy":"post_tag","embeddable":true,"href":"https:\/\/jundiai.sp.gov.br\/noticias\/wp-json\/wp\/v2\/tags?post=67141"},{"taxonomy":"ods","embeddable":true,"href":"https:\/\/jundiai.sp.gov.br\/noticias\/wp-json\/wp\/v2\/ods?post=67141"}],"curies":[{"name":"wp","href":"https:\/\/api.w.org\/{rel}","templated":true}]}}