{"id":68152,"date":"2013-08-26T16:00:48","date_gmt":"2013-08-26T19:00:48","guid":{"rendered":"https:\/\/jundiai.sp.gov.br\/noticias\/?p=68152"},"modified":"2016-11-04T11:38:43","modified_gmt":"2016-11-04T13:38:43","slug":"defesa-civil-jundiai-e-reconhecida-pela-onu","status":"publish","type":"post","link":"https:\/\/jundiai.sp.gov.br\/noticias\/2013\/08\/26\/defesa-civil-jundiai-e-reconhecida-pela-onu\/","title":{"rendered":"Defesa Civil: Jundia\u00ed \u00e9 reconhecida pela ONU"},"content":{"rendered":"<p><strong>A capacidade de Jundia\u00ed de resistir e se recuperar de desastres recebeu o reconhecimento oficial da Organiza\u00e7\u00e3o das Na\u00e7\u00f5es Unidas (ONU) nesta segunda-feira (26), como \u201ccidade resiliente\u201d<\/strong>. A entrega do certificado foi feita pelo coordenador estadual da Defesa Civil, coronel Marco Aur\u00e9lio Alves Pinto, ao prefeito Pedro Bigardi.<\/p>\n<p><strong>Mais<br \/>\n<a href=\"https:\/\/jundiai.sp.gov.br\/noticias\/2013\/08\/audiencias-do-ppa-reunem-mais-de-500-pessoas\/\" target=\"_blank\">Audi\u00eancias do PPA re\u00fanem mais de 500 pessoas<\/a><\/strong><br \/>\n<a href=\"https:\/\/jundiai.sp.gov.br\/noticias\/2013\/08\/prefeitura-abre-inscricao-para-ano-letivo-de-2014\/\" target=\"_blank\"><strong>Prefeitura abre inscri\u00e7\u00e3o para ano letivo de 2014<\/strong><\/a><\/p>\n<p>O prefeito considerou a certifica\u00e7\u00e3o como um reconhecimento ao trabalho que a cidade desenvolve nessa \u00e1rea, sendo a Defesa Civil um dos organismos mais importantes no elo entre as outras secretarias nas a\u00e7\u00f5es junto \u00e0s \u00e1reas de risco. E ressaltou que atuar tamb\u00e9m na elimina\u00e7\u00e3o dos riscos \u00e9 essencial, tomando as medidas preventivas, como as realizadas no Jardim Fepasa, contra enchentes, e no Jardim S\u00e3o Camilo, com a limpeza de encostas e retirada de lixo e entulho.<\/p>\n<div id=\"attachment_140669\" style=\"width: 730px\" class=\"wp-caption aligncenter\"><a href=\"https:\/\/jundiai.sp.gov.br\/noticias\/wp-content\/uploads\/sites\/32\/2013\/08\/reuniao_defesa_civil_c_111_G1.jpg\"><img loading=\"lazy\" decoding=\"async\" aria-describedby=\"caption-attachment-140669\" src=\"https:\/\/jundiai.sp.gov.br\/noticias\/wp-content\/uploads\/sites\/32\/2013\/08\/reuniao_defesa_civil_c_111_G1-720x528.jpg\" alt=\"A certifica\u00e7\u00e3o foi entregue durante a solenidade\" width=\"720\" height=\"528\" class=\"size-large wp-image-140669\" srcset=\"https:\/\/jundiai.sp.gov.br\/noticias\/wp-content\/uploads\/sites\/32\/2013\/08\/reuniao_defesa_civil_c_111_G1-720x528.jpg 720w, https:\/\/jundiai.sp.gov.br\/noticias\/wp-content\/uploads\/sites\/32\/2013\/08\/reuniao_defesa_civil_c_111_G1-300x220.jpg 300w, https:\/\/jundiai.sp.gov.br\/noticias\/wp-content\/uploads\/sites\/32\/2013\/08\/reuniao_defesa_civil_c_111_G1.jpg 1240w\" sizes=\"auto, (max-width: 720px) 100vw, 720px\" \/><\/a><p id=\"caption-attachment-140669\" class=\"wp-caption-text\">A certifica\u00e7\u00e3o foi entregue durante a solenidade<\/p><\/div>\n<p>\u201cO objetivo \u00e9 mudar os cen\u00e1rios existentes para dar melhores condi\u00e7\u00f5es de vida \u00e0 popula\u00e7\u00e3o\u201d, disse. O coronel Marco Aur\u00e9lio Alves Pinto tamb\u00e9m destacou a necessidade de se criar uma perspectiva regional, envolvendo todas as cidades da Aglomera\u00e7\u00e3o Urbana (AJU), at\u00e9 para que o polo receba uma regional da Defesa Civil. Hoje, as cidades est\u00e3o sob a coordena\u00e7\u00e3o de Campinas.<\/p>\n<p>A solenidade foi realizada no Pa\u00e7o Municipal e contou com as presen\u00e7as de secret\u00e1rios municipais e de autoridades, como o coordenador da Defesa Civil de Jundia\u00ed, coronel Eduardo Luiz Carbonari, e o coordenador regional da Defesa Civil em Campinas, Sidnei Furtado, que teve participa\u00e7\u00e3o decisiva na ades\u00e3o de Jundia\u00ed ao programa.<\/p>\n<p><strong>Seguran\u00e7a<\/strong><br \/>\nO representante do Estado tamb\u00e9m enfatizou o quanto Jundia\u00ed ganha com essa certifica\u00e7\u00e3o. \u201c\u00c9 um quesito a mais para garantir a seguran\u00e7a da popula\u00e7\u00e3o e tamb\u00e9m atrair investimentos. \u00c9 natural que as empresas escolham cidades mais seguras para se instalar, e isso vale dentro do raio da Aglomera\u00e7\u00e3o Urbana\u201d, disse.<\/p>\n<p><div id=\"attachment_140670\" style=\"width: 410px\" class=\"wp-caption alignleft\"><a href=\"https:\/\/jundiai.sp.gov.br\/noticias\/wp-content\/uploads\/sites\/32\/2013\/08\/reuniao_defesa_civil_c_119_G.jpg\"><img loading=\"lazy\" decoding=\"async\" aria-describedby=\"caption-attachment-140670\" src=\"https:\/\/jundiai.sp.gov.br\/noticias\/wp-content\/uploads\/sites\/32\/2013\/08\/reuniao_defesa_civil_c_119_G-720x505.jpg\" alt=\"A Defesa Civil em Jundia\u00ed tem uma atua\u00e7\u00e3o destacada\" width=\"400\" height=\"400\" class=\"size-large wp-image-140670\" \/><\/a><p id=\"caption-attachment-140670\" class=\"wp-caption-text\">A Defesa Civil em Jundia\u00ed tem uma atua\u00e7\u00e3o destacada<\/p><\/div>O coordenador da Defesa Civil de Jundia\u00ed, coronel Eduardo Luiz Carbonari, destacou que a equipe da Defesa Civil da cidade passou por importante capacita\u00e7\u00e3o recentemente, recebeu equipamentos e hoje trabalha uniformizada, facilitando a identifica\u00e7\u00e3o do pessoal nas ocorr\u00eancias.<\/p>\n<p><strong>Dez passos<\/strong><br \/>\nO programa tem 10 passos, que s\u00e3o os mecanismos com participa\u00e7\u00e3o social, as orienta\u00e7\u00f5es de redu\u00e7\u00e3o de risco a moradores em \u00e1reas de risco, a informa\u00e7\u00e3o atualizada sobre amea\u00e7as e vulnerabilidades da cidade e a infraestrutura contra desastres f\u00edsicos e clim\u00e1ticos.<\/p>\n<p>A iniciativa foi lan\u00e7ada pela ONU com o nome de Estrat\u00e9gia Internacional para a Redu\u00e7\u00e3o de Desastres (EIRD) e no Brasil \u00e9 coordenada pela Secretaria Nacional de Defesa Civil, do governo federal.<strong> No Estado de S\u00e3o Paulo, somente 18 dos 645 munic\u00edpios aderiram ao programa<\/strong>.<\/p>\n<p><em><strong>Por Alcir de Oliveira<br \/>\nFoto: Cleber de Almeida <\/strong><\/em><\/p>\n","protected":false},"excerpt":{"rendered":"<p>O prefeito recebeu, na manh\u00e3 desta segunda (26), o certificado de &#8220;Cidade Resiliente&#8221;  <\/p>\n","protected":false},"author":10,"featured_media":0,"comment_status":"closed","ping_status":"closed","sticky":false,"template":"","format":"standard","meta":{"footnotes":""},"categories":[2],"tags":[34],"ods":[],"class_list":["post-68152","post","type-post","status-publish","format-standard","hentry","category-noticias","tag-defesa-civil"],"_links":{"self":[{"href":"https:\/\/jundiai.sp.gov.br\/noticias\/wp-json\/wp\/v2\/posts\/68152","targetHints":{"allow":["GET"]}}],"collection":[{"href":"https:\/\/jundiai.sp.gov.br\/noticias\/wp-json\/wp\/v2\/posts"}],"about":[{"href":"https:\/\/jundiai.sp.gov.br\/noticias\/wp-json\/wp\/v2\/types\/post"}],"author":[{"embeddable":true,"href":"https:\/\/jundiai.sp.gov.br\/noticias\/wp-json\/wp\/v2\/users\/10"}],"replies":[{"embeddable":true,"href":"https:\/\/jundiai.sp.gov.br\/noticias\/wp-json\/wp\/v2\/comments?post=68152"}],"version-history":[{"count":2,"href":"https:\/\/jundiai.sp.gov.br\/noticias\/wp-json\/wp\/v2\/posts\/68152\/revisions"}],"predecessor-version":[{"id":140667,"href":"https:\/\/jundiai.sp.gov.br\/noticias\/wp-json\/wp\/v2\/posts\/68152\/revisions\/140667"}],"wp:attachment":[{"href":"https:\/\/jundiai.sp.gov.br\/noticias\/wp-json\/wp\/v2\/media?parent=68152"}],"wp:term":[{"taxonomy":"category","embeddable":true,"href":"https:\/\/jundiai.sp.gov.br\/noticias\/wp-json\/wp\/v2\/categories?post=68152"},{"taxonomy":"post_tag","embeddable":true,"href":"https:\/\/jundiai.sp.gov.br\/noticias\/wp-json\/wp\/v2\/tags?post=68152"},{"taxonomy":"ods","embeddable":true,"href":"https:\/\/jundiai.sp.gov.br\/noticias\/wp-json\/wp\/v2\/ods?post=68152"}],"curies":[{"name":"wp","href":"https:\/\/api.w.org\/{rel}","templated":true}]}}