{"id":68399,"date":"2013-08-28T17:56:58","date_gmt":"2013-08-28T20:56:58","guid":{"rendered":"https:\/\/jundiai.sp.gov.br\/noticias\/?p=68399"},"modified":"2016-11-04T11:36:54","modified_gmt":"2016-11-04T13:36:54","slug":"inscricao-para-9a-olimpiada-de-redacao-vai-ate-sexta","status":"publish","type":"post","link":"https:\/\/jundiai.sp.gov.br\/noticias\/2013\/08\/28\/inscricao-para-9a-olimpiada-de-redacao-vai-ate-sexta\/","title":{"rendered":"Inscri\u00e7\u00f5es para Olimp\u00edada seguem at\u00e9 sexta"},"content":{"rendered":"<p>Quem ainda n\u00e3o se inscreveu para a 9\u00aa Olimp\u00edada de Reda\u00e7\u00e3o tem at\u00e9 \u00e0s 18h da pr\u00f3xima sexta-feira (30) para participar. A promo\u00e7\u00e3o \u00e9 da Secretaria de Educa\u00e7\u00e3o, por meio da Biblioteca Municipal Nelson Foot. Podem participar crian\u00e7as, adolescentes e adultos.<\/p>\n<p><div id=\"attachment_140142\" style=\"width: 340px\" class=\"wp-caption alignleft\"><a href=\"https:\/\/jundiai.sp.gov.br\/noticias\/wp-content\/uploads\/sites\/32\/2013\/08\/OlimpiadaRedacaoG.jpg\"><img loading=\"lazy\" decoding=\"async\" aria-describedby=\"caption-attachment-140142\" src=\"https:\/\/jundiai.sp.gov.br\/noticias\/wp-content\/uploads\/sites\/32\/2013\/08\/OlimpiadaRedacaoG-685x960.jpg\" alt=\"Clique para ampliar \" width=\"330\" height=\"380\" class=\"size-large wp-image-140142\" \/><\/a><p id=\"caption-attachment-140142\" class=\"wp-caption-text\">Clique para ampliar<\/p><\/div>De acordo com informa\u00e7\u00f5es da professora Leila Casote, diretora de Fomento \u00e0 Leitura e Literatura, at\u00e9 o momento 1.571 pessoas de Jundia\u00ed e regi\u00e3o se inscreveram.<\/p>\n<p>\u201cEstamos muito otimistas, pois este ano implementamos uma mudan\u00e7a na forma da participa\u00e7\u00e3o das pessoas no concurso, por meio da internet. Isso facilitou a inscri\u00e7\u00e3o e o envio da reda\u00e7\u00e3o totalmente on line, sem que a pessoa tenha que se deslocar at\u00e9 \u00e0 Biblioteca somente para entregar o texto\u201d, explicou.<\/p>\n<p>Quem tiver qualquer dificuldade com a inscri\u00e7\u00e3o online pode ligar para a Biblioteca. \u201cA equipe est\u00e1 capacitada e preparada para orientar. Informamos, ainda, que dispomos de microcomputadores com acesso \u00e0 internet\u201d, explica Leila. O telefone \u00e9 o 4527-2110.<\/p>\n<p>Fa\u00e7a sua inscri\u00e7\u00e3o pelo <a href=\"http:\/\/servicos2010.jundiai.sp.gov.br\/ge_web\/inscrired.aspx\" target=\"_blank\"><strong>portal da Prefeitura de Jundia\u00ed<\/strong><\/a>.<\/p>\n<p><em><strong>Por Rosana Pagano <\/strong><\/em><\/p>\n","protected":false},"excerpt":{"rendered":"<p>Ainda d\u00e1 tempo; textos ser\u00e3o recebidos at\u00e9 \u00e0s 18h e devem ser enviados pelo site; saiba mais <\/p>\n","protected":false},"author":10,"featured_media":0,"comment_status":"closed","ping_status":"closed","sticky":false,"template":"","format":"standard","meta":{"footnotes":""},"categories":[2],"tags":[6],"ods":[],"class_list":["post-68399","post","type-post","status-publish","format-standard","hentry","category-noticias","tag-educacao"],"_links":{"self":[{"href":"https:\/\/jundiai.sp.gov.br\/noticias\/wp-json\/wp\/v2\/posts\/68399","targetHints":{"allow":["GET"]}}],"collection":[{"href":"https:\/\/jundiai.sp.gov.br\/noticias\/wp-json\/wp\/v2\/posts"}],"about":[{"href":"https:\/\/jundiai.sp.gov.br\/noticias\/wp-json\/wp\/v2\/types\/post"}],"author":[{"embeddable":true,"href":"https:\/\/jundiai.sp.gov.br\/noticias\/wp-json\/wp\/v2\/users\/10"}],"replies":[{"embeddable":true,"href":"https:\/\/jundiai.sp.gov.br\/noticias\/wp-json\/wp\/v2\/comments?post=68399"}],"version-history":[{"count":2,"href":"https:\/\/jundiai.sp.gov.br\/noticias\/wp-json\/wp\/v2\/posts\/68399\/revisions"}],"predecessor-version":[{"id":140141,"href":"https:\/\/jundiai.sp.gov.br\/noticias\/wp-json\/wp\/v2\/posts\/68399\/revisions\/140141"}],"wp:attachment":[{"href":"https:\/\/jundiai.sp.gov.br\/noticias\/wp-json\/wp\/v2\/media?parent=68399"}],"wp:term":[{"taxonomy":"category","embeddable":true,"href":"https:\/\/jundiai.sp.gov.br\/noticias\/wp-json\/wp\/v2\/categories?post=68399"},{"taxonomy":"post_tag","embeddable":true,"href":"https:\/\/jundiai.sp.gov.br\/noticias\/wp-json\/wp\/v2\/tags?post=68399"},{"taxonomy":"ods","embeddable":true,"href":"https:\/\/jundiai.sp.gov.br\/noticias\/wp-json\/wp\/v2\/ods?post=68399"}],"curies":[{"name":"wp","href":"https:\/\/api.w.org\/{rel}","templated":true}]}}