{"id":68621,"date":"2013-08-30T18:34:45","date_gmt":"2013-08-30T21:34:45","guid":{"rendered":"https:\/\/jundiai.sp.gov.br\/noticias\/?p=68621"},"modified":"2016-11-04T11:37:27","modified_gmt":"2016-11-04T13:37:27","slug":"durval-orlato-visita-a-fundacao-antonio-antonieta-cintra-gordinho","status":"publish","type":"post","link":"https:\/\/jundiai.sp.gov.br\/noticias\/2013\/08\/30\/durval-orlato-visita-a-fundacao-antonio-antonieta-cintra-gordinho\/","title":{"rendered":"Durval recebe visita da dire\u00e7\u00e3o da Funda\u00e7\u00e3o Ant\u00f4nio Cintra Gordinho"},"content":{"rendered":"<p>Nesta sexta-feira (30), o vice-prefeito e secret\u00e1rio de Educa\u00e7\u00e3o, Durval Orlato, recebeu a visita da vice-presidente da Funda\u00e7\u00e3o Ant\u00f4nio Antonieta Cintra Gordinho, Maria Thereza Passos Gordinho Amaral de Oliveira e outros representantes.<\/p>\n<p><strong>Mais<br \/>\n<a href=\"https:\/\/jundiai.sp.gov.br\/noticias\/2013\/08\/historias-de-quem-nao-vive-mais-sem-a-literatura\/\" target=\"_blank\">Hist\u00f3rias de quem n\u00e3o vive mais sem a literatura<\/a><\/strong><\/p>\n<p><div id=\"attachment_139993\" style=\"width: 410px\" class=\"wp-caption alignleft\"><a href=\"https:\/\/jundiai.sp.gov.br\/noticias\/wp-content\/uploads\/sites\/32\/2013\/08\/reuniao_educacao_fundacao_cintra_gordinho_c_6_G.jpg\"><img loading=\"lazy\" decoding=\"async\" aria-describedby=\"caption-attachment-139993\" src=\"https:\/\/jundiai.sp.gov.br\/noticias\/wp-content\/uploads\/sites\/32\/2013\/08\/reuniao_educacao_fundacao_cintra_gordinho_c_6_G-720x549.jpg\" alt=\"Durval Orlato marcou visita \u00e0 Funda\u00e7\u00e3o para o dia 17 de setembro\" width=\"400\" height=\"400\" class=\"size-large wp-image-139993\" \/><\/a><p id=\"caption-attachment-139993\" class=\"wp-caption-text\">Durval Orlato marcou visita \u00e0 Funda\u00e7\u00e3o para o dia 17 de setembro<\/p><\/div>No encontro, o secret\u00e1rio foi convidado para conhecer as instala\u00e7\u00f5es da Funda\u00e7\u00e3o, que atende 600 crian\u00e7as, com projetos culturais, art\u00edsticos e esportivos.<\/p>\n<p>\u201cOs projetos da Funda\u00e7\u00e3o, que atendem crian\u00e7as de todas as idades, colaboram com a Prefeitura por oferecer educa\u00e7\u00e3o de boa qualidade\u201d, afirma Durval.<\/p>\n<p>No dia 17 de setembro, \u00e0s 10h30, o secret\u00e1rio Durval Orlato visitar\u00e1 a Funda\u00e7\u00e3o Ant\u00f4nio Antonieta Cintra Gordinho.<br \/>\n<em><strong><br \/>\nPor Luiza Oliveira<br \/>\nFotos: Cleber de Almeida<\/strong><\/em><\/p>\n","protected":false},"excerpt":{"rendered":"<p>Nesta sexta-feira (30), o vice-prefeito e secret\u00e1rio de Educa\u00e7\u00e3o, Durval Orlato, recebeu a visita da vice-presidente da Funda\u00e7\u00e3o Ant\u00f4nio Antonieta Cintra Gordinho, Maria Thereza Passos Gordinho Amaral de Oliveira e outros representantes. Mais Hist\u00f3rias de quem n\u00e3o vive mais sem a literatura No encontro, o secret\u00e1rio foi convidado para conhecer as instala\u00e7\u00f5es da Funda\u00e7\u00e3o, que [&hellip;]<\/p>\n","protected":false},"author":11,"featured_media":0,"comment_status":"closed","ping_status":"closed","sticky":false,"template":"","format":"standard","meta":{"footnotes":""},"categories":[2],"tags":[6,211],"ods":[],"class_list":["post-68621","post","type-post","status-publish","format-standard","hentry","category-noticias","tag-educacao","tag-faacg"],"_links":{"self":[{"href":"https:\/\/jundiai.sp.gov.br\/noticias\/wp-json\/wp\/v2\/posts\/68621","targetHints":{"allow":["GET"]}}],"collection":[{"href":"https:\/\/jundiai.sp.gov.br\/noticias\/wp-json\/wp\/v2\/posts"}],"about":[{"href":"https:\/\/jundiai.sp.gov.br\/noticias\/wp-json\/wp\/v2\/types\/post"}],"author":[{"embeddable":true,"href":"https:\/\/jundiai.sp.gov.br\/noticias\/wp-json\/wp\/v2\/users\/11"}],"replies":[{"embeddable":true,"href":"https:\/\/jundiai.sp.gov.br\/noticias\/wp-json\/wp\/v2\/comments?post=68621"}],"version-history":[{"count":2,"href":"https:\/\/jundiai.sp.gov.br\/noticias\/wp-json\/wp\/v2\/posts\/68621\/revisions"}],"predecessor-version":[{"id":139991,"href":"https:\/\/jundiai.sp.gov.br\/noticias\/wp-json\/wp\/v2\/posts\/68621\/revisions\/139991"}],"wp:attachment":[{"href":"https:\/\/jundiai.sp.gov.br\/noticias\/wp-json\/wp\/v2\/media?parent=68621"}],"wp:term":[{"taxonomy":"category","embeddable":true,"href":"https:\/\/jundiai.sp.gov.br\/noticias\/wp-json\/wp\/v2\/categories?post=68621"},{"taxonomy":"post_tag","embeddable":true,"href":"https:\/\/jundiai.sp.gov.br\/noticias\/wp-json\/wp\/v2\/tags?post=68621"},{"taxonomy":"ods","embeddable":true,"href":"https:\/\/jundiai.sp.gov.br\/noticias\/wp-json\/wp\/v2\/ods?post=68621"}],"curies":[{"name":"wp","href":"https:\/\/api.w.org\/{rel}","templated":true}]}}