{"id":68671,"date":"2013-08-30T19:17:03","date_gmt":"2013-08-30T22:17:03","guid":{"rendered":"https:\/\/jundiai.sp.gov.br\/noticias\/?p=68671"},"modified":"2016-11-04T11:37:32","modified_gmt":"2016-11-04T13:37:32","slug":"obras-de-revitalizacao-da-praca-d-pedro-ii-terao-piso-drenante","status":"publish","type":"post","link":"https:\/\/jundiai.sp.gov.br\/noticias\/2013\/08\/30\/obras-de-revitalizacao-da-praca-d-pedro-ii-terao-piso-drenante\/","title":{"rendered":"Obras de revitaliza\u00e7\u00e3o da Pra\u00e7a D. Pedro II ter\u00e3o piso drenante"},"content":{"rendered":"<p>Os secret\u00e1rios de Servi\u00e7os P\u00fablicos e de Planejamento e Meio Ambiente, Aguinaldo Leite e Daniela da C\u00e2mara Sutti, respectivamente, vistoriaram, na tarde desta sexta-feira (30), as obras de revitaliza\u00e7\u00e3o da Pra\u00e7a D. Pedro II, em frente ao Hospital de Caridade S\u00e3o Vicente de Paulo.<br \/>\n<strong><br \/>\nMais<br \/>\n<a href=\"https:\/\/jundiai.sp.gov.br\/noticias\/2013\/08\/segundo-varejao-noturno-comeca-dia-5-de-outubro\/\" target=\"_blank\">Segundo varej\u00e3o noturno come\u00e7a dia 3 de outubro<\/a><\/strong><\/p>\n<div id=\"attachment_139985\" style=\"width: 730px\" class=\"wp-caption aligncenter\"><a href=\"https:\/\/jundiai.sp.gov.br\/noticias\/wp-content\/uploads\/sites\/32\/2013\/08\/Praca_D_Pedro_A_8G.jpg\"><img loading=\"lazy\" decoding=\"async\" aria-describedby=\"caption-attachment-139985\" src=\"https:\/\/jundiai.sp.gov.br\/noticias\/wp-content\/uploads\/sites\/32\/2013\/08\/Praca_D_Pedro_A_8G-720x465.jpg\" alt=\"Aguinaldo Leite e Daniela Sutti vistoriaram as obras da Pra\u00e7a\" width=\"720\" height=\"465\" class=\"size-large wp-image-139985\" srcset=\"https:\/\/jundiai.sp.gov.br\/noticias\/wp-content\/uploads\/sites\/32\/2013\/08\/Praca_D_Pedro_A_8G-720x465.jpg 720w, https:\/\/jundiai.sp.gov.br\/noticias\/wp-content\/uploads\/sites\/32\/2013\/08\/Praca_D_Pedro_A_8G-300x193.jpg 300w, https:\/\/jundiai.sp.gov.br\/noticias\/wp-content\/uploads\/sites\/32\/2013\/08\/Praca_D_Pedro_A_8G.jpg 1240w\" sizes=\"auto, (max-width: 720px) 100vw, 720px\" \/><\/a><p id=\"caption-attachment-139985\" class=\"wp-caption-text\">Aguinaldo Leite e Daniela Sutti vistoriaram as obras da Pra\u00e7a<\/p><\/div>\n<p>O destaque do projeto de autoria da Secretaria de Planejamento e Meio Ambiente ficou por conta da permeabilidade do solo.<\/p>\n<p>\u201cContemplamos no projeto a aplica\u00e7\u00e3o de piso drenante, aquele que impede o ac\u00famulo de \u00e1gua na superf\u00edcie. A inten\u00e7\u00e3o foi a de n\u00e3o nos preocuparmos com qualquer dos sistemas diversos de capta\u00e7\u00e3o de \u00e1gua\u201d, explicou Daniela Sutti. \u201cA partir da\u00ed, a Secretaria de Servi\u00e7os P\u00fablicos incluiu o uso de material reciclado para a consecu\u00e7\u00e3o da obra, o que resultar\u00e1 economia financeira e benef\u00edcio ao meio ambiente\u201d, completou.<\/p>\n<p>\u201cA \u00e1rea total desta pra\u00e7a \u00e9 de 5 mil metros quadrados. Desse total, praticamente metade se destina \u00e0 \u00e1rea a ser concretada (cal\u00e7adas e passarelas). Optamos, ent\u00e3o, pelo uso do material reciclado, que vai absorver 100% da \u00e1gua de chuva. Assim, al\u00e9m da economia financeira, estamos contribuindo sobremaneira com as a\u00e7\u00f5es de preserva\u00e7\u00e3o do meio ambiente\u201d, destacou Aguinaldo Leite.<\/p>\n<p>\u201cCada metro quadrado de piso drenante de concreto convencional tem pre\u00e7o final de R$ 80. J\u00e1 o produzido com material reciclado, entre R$ 12 e R$ 12,50\u201d, comparou. \u201cQuanto \u00e0s a\u00e7\u00f5es prevencionistas, podemos afirmar que teremos aqui, a partir de agora, uma \u00e1rea totalmente perme\u00e1vel, vez que estamos usando grama e o novo material para o piso, que, ali\u00e1s, \u00e9 produzido pelo Gerenciamento de Res\u00edduos S\u00f3lidos (Geresol)\u201d, disse o secret\u00e1rio.<\/p>\n<p><strong>Compara\u00e7\u00e3o<\/strong><br \/>\nDurante a vistoria, Aguinaldo Leite pediu aos funcion\u00e1rios que efetuassem a compara\u00e7\u00e3o entre o material para piso feito com concreto convencional e o produzido pelo Geresol. O pedido se justificou pela presen\u00e7a de todos os diretores das duas secretarias envolvidas, que foram convidados para a vistoria das obras.<\/p>\n<p>A compara\u00e7\u00e3o mostrou o resultado de maneira clara. O concreto convencional, evidentemente, n\u00e3o absorveu a \u00e1gua nele jogada, enquanto o de material reciclado o fez com efic\u00e1cia.<\/p>\n<div id=\"attachment_139986\" style=\"width: 730px\" class=\"wp-caption aligncenter\"><a href=\"https:\/\/jundiai.sp.gov.br\/noticias\/wp-content\/uploads\/sites\/32\/2013\/08\/Praca_D_Pedro_A_34G.jpg\"><img loading=\"lazy\" decoding=\"async\" aria-describedby=\"caption-attachment-139986\" src=\"https:\/\/jundiai.sp.gov.br\/noticias\/wp-content\/uploads\/sites\/32\/2013\/08\/Praca_D_Pedro_A_34G-720x477.jpg\" alt=\"Na compara\u00e7\u00e3o, o bloco de concreto reciclado mostra total absor\u00e7\u00e3o de \u00e1gua\" width=\"720\" height=\"477\" class=\"size-large wp-image-139986\" srcset=\"https:\/\/jundiai.sp.gov.br\/noticias\/wp-content\/uploads\/sites\/32\/2013\/08\/Praca_D_Pedro_A_34G-720x477.jpg 720w, https:\/\/jundiai.sp.gov.br\/noticias\/wp-content\/uploads\/sites\/32\/2013\/08\/Praca_D_Pedro_A_34G-300x198.jpg 300w, https:\/\/jundiai.sp.gov.br\/noticias\/wp-content\/uploads\/sites\/32\/2013\/08\/Praca_D_Pedro_A_34G.jpg 1240w\" sizes=\"auto, (max-width: 720px) 100vw, 720px\" \/><\/a><p id=\"caption-attachment-139986\" class=\"wp-caption-text\">Na compara\u00e7\u00e3o, o bloco de concreto reciclado mostra total absor\u00e7\u00e3o de \u00e1gua<\/p><\/div>\n<p>Aguinaldo Leite informou que, no per\u00edodo de 5 anos, o novo piso drenante manter\u00e1 sua velocidade para absor\u00e7\u00e3o da \u00e1gua, de forma praticamente imediata. Depois, ir\u00e1 perdendo essa velocidade, mas nunca a capacidade de absor\u00e7\u00e3o.<\/p>\n<p><strong>Expectativa<\/strong><br \/>\nOs secret\u00e1rios explicaram, ao final da vistoria, que essa nova medida dever\u00e1 se estender por v\u00e1rias \u00e1reas da cidade. \u201cN\u00e3o s\u00f3 em pra\u00e7as, mas tamb\u00e9m em cal\u00e7adas vamos empregar esse material drenante\u201d, continuou Aguinaldo. \u201c\u00c9 claro que uma rua asfaltada impermeabiliza toda a sua \u00e1rea. Mas, as cal\u00e7adas concretadas de modo convencional, tamb\u00e9m produzem o mesmo efeito. Ent\u00e3o, se aplicarmos esse novo material nas cal\u00e7adas de responsabilidade do poder p\u00fablico, teremos o benef\u00edcio de manter a permeabilidade, em m\u00e9dia, em 50% de cada uma delas\u201d, completou.<\/p>\n<p>\u201cFuturamente, queremos tamb\u00e9m editar uma cartilha destinada \u00e0 popula\u00e7\u00e3o em geral, para que os propriet\u00e1rios, querendo, substituam suas cal\u00e7adas, utilizando o novo material, ent\u00e3o produzido por eles pr\u00f3prios\u201d, acrescentou Aguinaldo.<\/p>\n<p>\u201cA tend\u00eancia \u00e9 estender a nova medida at\u00e9 que se torne padr\u00e3o. E essa ser\u00e1 uma das melhores maneiras de combater a impermeabilidade da cidade\u201d, finalizou Daniela Sutti.<br \/>\n<strong><br \/>\n<em>Por Jesus dos Santos<\/em><br \/>\n<em> Fotos: Alessandro Rosman<\/em><\/strong><\/p>\n","protected":false},"excerpt":{"rendered":"<p>Os secret\u00e1rios de Servi\u00e7os P\u00fablicos e de Planejamento e Meio Ambiente, Aguinaldo Leite e Daniela da C\u00e2mara Sutti, respectivamente, vistoriaram, na tarde desta sexta-feira (30), as obras de revitaliza\u00e7\u00e3o da Pra\u00e7a D. Pedro II, em frente ao Hospital de Caridade S\u00e3o Vicente de Paulo. Mais Segundo varej\u00e3o noturno come\u00e7a dia 3 de outubro O destaque [&hellip;]<\/p>\n","protected":false},"author":11,"featured_media":0,"comment_status":"closed","ping_status":"closed","sticky":false,"template":"","format":"standard","meta":{"footnotes":""},"categories":[2],"tags":[32],"ods":[],"class_list":["post-68671","post","type-post","status-publish","format-standard","hentry","category-noticias","tag-planejamento-e-meio-ambiente"],"_links":{"self":[{"href":"https:\/\/jundiai.sp.gov.br\/noticias\/wp-json\/wp\/v2\/posts\/68671","targetHints":{"allow":["GET"]}}],"collection":[{"href":"https:\/\/jundiai.sp.gov.br\/noticias\/wp-json\/wp\/v2\/posts"}],"about":[{"href":"https:\/\/jundiai.sp.gov.br\/noticias\/wp-json\/wp\/v2\/types\/post"}],"author":[{"embeddable":true,"href":"https:\/\/jundiai.sp.gov.br\/noticias\/wp-json\/wp\/v2\/users\/11"}],"replies":[{"embeddable":true,"href":"https:\/\/jundiai.sp.gov.br\/noticias\/wp-json\/wp\/v2\/comments?post=68671"}],"version-history":[{"count":3,"href":"https:\/\/jundiai.sp.gov.br\/noticias\/wp-json\/wp\/v2\/posts\/68671\/revisions"}],"predecessor-version":[{"id":139984,"href":"https:\/\/jundiai.sp.gov.br\/noticias\/wp-json\/wp\/v2\/posts\/68671\/revisions\/139984"}],"wp:attachment":[{"href":"https:\/\/jundiai.sp.gov.br\/noticias\/wp-json\/wp\/v2\/media?parent=68671"}],"wp:term":[{"taxonomy":"category","embeddable":true,"href":"https:\/\/jundiai.sp.gov.br\/noticias\/wp-json\/wp\/v2\/categories?post=68671"},{"taxonomy":"post_tag","embeddable":true,"href":"https:\/\/jundiai.sp.gov.br\/noticias\/wp-json\/wp\/v2\/tags?post=68671"},{"taxonomy":"ods","embeddable":true,"href":"https:\/\/jundiai.sp.gov.br\/noticias\/wp-json\/wp\/v2\/ods?post=68671"}],"curies":[{"name":"wp","href":"https:\/\/api.w.org\/{rel}","templated":true}]}}