{"id":69131,"date":"2013-09-06T10:14:35","date_gmt":"2013-09-06T13:14:35","guid":{"rendered":"https:\/\/jundiai.sp.gov.br\/noticias\/?p=69131"},"modified":"2016-11-04T11:36:14","modified_gmt":"2016-11-04T13:36:14","slug":"como-funciona-a-producao-do-boa-tarde","status":"publish","type":"post","link":"https:\/\/jundiai.sp.gov.br\/noticias\/2013\/09\/06\/como-funciona-a-producao-do-boa-tarde\/","title":{"rendered":"Como funciona a produ\u00e7\u00e3o do Boa Tarde"},"content":{"rendered":"<p><strong>Boa produ\u00e7\u00e3o<\/strong><br \/>\nPara que tudo d\u00ea certo durante a uma hora de programa no ar, al\u00e9m da cria\u00e7\u00e3o dos roteiros que \u00e9 feita pela T\u00e2nia e das grava\u00e7\u00f5es de reportagens externas feitas pelo Zanchin, o Boa Tarde conta com o trabalho de dois experientes produtores: Cl\u00e1udia Fernandes e, o coordenador, Guilherme Barros.<\/p>\n<p>Eles trabalham sobre uma agenda semanal e a cada dia finalizam novas atra\u00e7\u00f5es. \u201cTemos que estar sempre atentos a cada detalhe e ao tempo de cada quadro&#8221;, explica Cl\u00e1udia. &#8220;Tudo \u00e9 bem preparado e d\u00e1 sempre muito certo. \u00c9 gratificante.\u201d Para Guilherme, a maior preocupa\u00e7\u00e3o \u00e9 levar ao ar um programa din\u00e2mico, alegre e com muita informa\u00e7\u00e3o. \u201cNosso grande desafio di\u00e1rio \u00e9 encontrar conte\u00fados que agradem todo o p\u00fablico\u201d, explica.<\/p>\n<p><em><strong>Por Rosana Pagano <\/strong><\/em><\/p>\n","protected":false},"excerpt":{"rendered":"<p>Boa produ\u00e7\u00e3o Para que tudo d\u00ea certo durante a uma hora de programa no ar, al\u00e9m da cria\u00e7\u00e3o dos roteiros que \u00e9 feita pela T\u00e2nia e das grava\u00e7\u00f5es de reportagens externas feitas pelo Zanchin, o Boa Tarde conta com o trabalho de dois experientes produtores: Cl\u00e1udia Fernandes e, o coordenador, Guilherme Barros. Eles trabalham sobre [&hellip;]<\/p>\n","protected":false},"author":10,"featured_media":0,"comment_status":"closed","ping_status":"closed","sticky":false,"template":"","format":"standard","meta":{"footnotes":""},"categories":[2],"tags":[72],"ods":[],"class_list":["post-69131","post","type-post","status-publish","format-standard","hentry","category-noticias","tag-tve-jundiai"],"_links":{"self":[{"href":"https:\/\/jundiai.sp.gov.br\/noticias\/wp-json\/wp\/v2\/posts\/69131","targetHints":{"allow":["GET"]}}],"collection":[{"href":"https:\/\/jundiai.sp.gov.br\/noticias\/wp-json\/wp\/v2\/posts"}],"about":[{"href":"https:\/\/jundiai.sp.gov.br\/noticias\/wp-json\/wp\/v2\/types\/post"}],"author":[{"embeddable":true,"href":"https:\/\/jundiai.sp.gov.br\/noticias\/wp-json\/wp\/v2\/users\/10"}],"replies":[{"embeddable":true,"href":"https:\/\/jundiai.sp.gov.br\/noticias\/wp-json\/wp\/v2\/comments?post=69131"}],"version-history":[{"count":1,"href":"https:\/\/jundiai.sp.gov.br\/noticias\/wp-json\/wp\/v2\/posts\/69131\/revisions"}],"predecessor-version":[{"id":129309,"href":"https:\/\/jundiai.sp.gov.br\/noticias\/wp-json\/wp\/v2\/posts\/69131\/revisions\/129309"}],"wp:attachment":[{"href":"https:\/\/jundiai.sp.gov.br\/noticias\/wp-json\/wp\/v2\/media?parent=69131"}],"wp:term":[{"taxonomy":"category","embeddable":true,"href":"https:\/\/jundiai.sp.gov.br\/noticias\/wp-json\/wp\/v2\/categories?post=69131"},{"taxonomy":"post_tag","embeddable":true,"href":"https:\/\/jundiai.sp.gov.br\/noticias\/wp-json\/wp\/v2\/tags?post=69131"},{"taxonomy":"ods","embeddable":true,"href":"https:\/\/jundiai.sp.gov.br\/noticias\/wp-json\/wp\/v2\/ods?post=69131"}],"curies":[{"name":"wp","href":"https:\/\/api.w.org\/{rel}","templated":true}]}}