{"id":69652,"date":"2013-09-12T17:56:20","date_gmt":"2013-09-12T20:56:20","guid":{"rendered":"https:\/\/jundiai.sp.gov.br\/noticias\/?p=69652"},"modified":"2016-11-04T11:34:47","modified_gmt":"2016-11-04T13:34:47","slug":"saude-avanca-na-reducao-total-das-filas-de-espera","status":"publish","type":"post","link":"https:\/\/jundiai.sp.gov.br\/noticias\/2013\/09\/12\/saude-avanca-na-reducao-total-das-filas-de-espera\/","title":{"rendered":"Sa\u00fade avan\u00e7a na redu\u00e7\u00e3o total das filas de espera"},"content":{"rendered":"<p><strong>A Secretaria de Sa\u00fade divulgou internamente nesta quarta-feira (11) alguns avan\u00e7os de gest\u00e3o do sistema p\u00fablico em Jundia\u00ed entre janeiro e agosto de 2013. Entre os destaques est\u00e3o a redu\u00e7\u00e3o das filas de espera de consultas de especialidades, como 97% em reumatologia (eram 1.181 em janeiro, passaram para 32 em agosto) e de 70% na cardiologia adulta (de 189 em janeiro para 57 em agosto)<\/strong>.<\/p>\n<p><strong>Mais<br \/>\n<a href=\"https:\/\/jundiai.sp.gov.br\/noticias\/2013\/09\/contribuintes-da-prefeitura-serao-atendidos-no-poupatempo\/\" target=\"_blank\">Contribuintes da Prefeitura ser\u00e3o atendidos no Poupatempo<\/a><\/strong><br \/>\n<a href=\"https:\/\/jundiai.sp.gov.br\/noticias\/semana-do-idoso-2013\/\" target=\"_blank\"><strong>Fique por dentro da 16\u00aa Semana Municipal do Idoso <\/strong><\/a><\/p>\n<p><strong>Tamb\u00e9m foram reduzidas as filas de espera de exames, com \u00edndices de 93% na ultrassonografia transvaginal (de 779 em janeiro para 56 em agosto) e de 100% em exames como o eletrocardio pr\u00e9-operat\u00f3rio (de 63 em janeiro para zero em agosto). E no campo dos conv\u00eanios, foram ampliados tanto os contratos de exames laboratoriais como outros espec\u00edficos como endoscopia ou resson\u00e2ncia magn\u00e9tica<\/strong>.<\/p>\n<p>O balan\u00e7o parcial foi elaborado pelo Diretoria de Avalia\u00e7\u00e3o, Controle e Auditoria (DACA).<\/p>\n<div id=\"attachment_130579\" style=\"width: 730px\" class=\"wp-caption aligncenter\"><a href=\"https:\/\/jundiai.sp.gov.br\/noticias\/wp-content\/uploads\/sites\/32\/2013\/09\/dr_claudio_1G1.jpg\"><img loading=\"lazy\" decoding=\"async\" aria-describedby=\"caption-attachment-130579\" src=\"https:\/\/jundiai.sp.gov.br\/noticias\/wp-content\/uploads\/sites\/32\/2013\/09\/dr_claudio_1G1-720x558.jpg\" alt=\"Cl\u00e1udio Miranda fala sobre os n\u00fameros: gest\u00e3o da equipe permite ampliar servi\u00e7os\" width=\"720\" height=\"558\" class=\"size-large wp-image-130579\" srcset=\"https:\/\/jundiai.sp.gov.br\/noticias\/wp-content\/uploads\/sites\/32\/2013\/09\/dr_claudio_1G1-720x558.jpg 720w, https:\/\/jundiai.sp.gov.br\/noticias\/wp-content\/uploads\/sites\/32\/2013\/09\/dr_claudio_1G1-300x232.jpg 300w, https:\/\/jundiai.sp.gov.br\/noticias\/wp-content\/uploads\/sites\/32\/2013\/09\/dr_claudio_1G1.jpg 1240w\" sizes=\"auto, (max-width: 720px) 100vw, 720px\" \/><\/a><p id=\"caption-attachment-130579\" class=\"wp-caption-text\">Cl\u00e1udio Miranda fala sobre os n\u00fameros: gest\u00e3o da equipe permite ampliar servi\u00e7os<\/p><\/div>\n<p>\u201cContinuamos dentro de um esfor\u00e7o coletivo para melhorar a situa\u00e7\u00e3o de filas enormes que encontramos desde o in\u00edcio do ano\u201d, afirma o secret\u00e1rio Cl\u00e1udio Miranda.<\/p>\n<p><strong>Conv\u00eanios e contratos<\/strong><br \/>\nOs exames laboratoriais (urina, sangue etc.) passaram de 72 mil para 88,2 mil mensais com o ajuste do conv\u00eanio com a AFIP, agora no patamar de R$ 441 mil mensais. As endoscopias da Finardi passaram de 281 para 352 ao m\u00eas com o custo mensal de R$ 46,46 mil. E grandes conv\u00eanios como Hospital Universit\u00e1rio passaram de R$ 2,9 milh\u00f5es para R$ 4 milh\u00f5es ao m\u00eas, incluindo valor para mutir\u00e3o de cirurgias eletivas e amplia\u00e7\u00e3o do quadro de pessoal (algo pr\u00f3ximo do ajuste da Grendaacc, que passou a 2.996 procedimentos mensais previstos no custo de R$ 19,7 mil.<\/p>\n<p><strong>Exames<\/strong><br \/>\nA queda de 80 a 100% da fila de espera em exames aconteceu em \u00e1reas como a resson\u00e2ncia sela t\u00farcica, a resson\u00e2ncia de coluna tor\u00e1cica e dorsal, a ultrassonografia de pr\u00f3stata abdominal e outras. Em casos como a audiometria adulto, a queda foi de 78% (de 88 em janeiro para 19 em agosto). E outros setores, como a endoscopia digestiva, tiveram queda de 40% mas permanece altos ao passarem de 1.486 pacientes na fila em janeiro para 890 em agosto.<\/p>\n<p><strong>Consultas<\/strong><br \/>\nNas listas de espera de especialidades, a redu\u00e7\u00e3o aconteceu ainda em \u00e1reas como dermatologia, em 96% (de 2.515 em janeiro para 93 em agosto), cirurgia pl\u00e1stica em 85% (de 71 em janeiro para 11 em agosto) ou pneumologia adulto em 79% (de 142 em janeiro para 30 em agosto). Outras \u00e1reas tiveram queda menor como neurologia em 52% (de 1.226 em janeiro para 585 em agosto) e otorrino em 51% (de 397 em janeiro para 194 em agosto).<\/p>\n<p>Outros setores devem ser beneficiados com redu\u00e7\u00e3o de filas (em n\u00fameros comparados a janeiro) com a contrata\u00e7\u00e3o de novos profissionais nos concursos em andamento.<\/p>\n<p><strong>Pontos de alerta<\/strong><br \/>\n<strong>A Secretaria de Sa\u00fade estuda agora a continuidade da queda de filas em todos os setores, mas observa-se um aumento de demandas deste ano em problemas espec\u00edficos da comunidade &#8211; como a obesidade e a depend\u00eancia qu\u00edmica<\/strong>.<\/p>\n<p>Nesse processo est\u00e3o \u00e1reas como as consultas chamadas &#8220;end\u00f3crino adulto triagem obesidade&#8221;, que tiveram o saldo de espera passando de 33 em janeiro para 67 em agosto, ou as consultas de &#8220;triagem \u00e1lcool e droga&#8221;, que tiveram a espera passando de 104 em janeiro para 156 em agosto.<\/p>\n<p><em><strong>Por Jos\u00e9 Arnaldo de Oliveira<br \/>\nFoto: Arquivo<\/strong><\/em><\/p>\n","protected":false},"excerpt":{"rendered":"<p>Algumas especialidades tiveram a fila de espera reduzida a zero; fique por dentro   <\/p>\n","protected":false},"author":10,"featured_media":0,"comment_status":"closed","ping_status":"closed","sticky":false,"template":"","format":"standard","meta":{"footnotes":""},"categories":[2],"tags":[3],"ods":[],"class_list":["post-69652","post","type-post","status-publish","format-standard","hentry","category-noticias","tag-saude"],"_links":{"self":[{"href":"https:\/\/jundiai.sp.gov.br\/noticias\/wp-json\/wp\/v2\/posts\/69652","targetHints":{"allow":["GET"]}}],"collection":[{"href":"https:\/\/jundiai.sp.gov.br\/noticias\/wp-json\/wp\/v2\/posts"}],"about":[{"href":"https:\/\/jundiai.sp.gov.br\/noticias\/wp-json\/wp\/v2\/types\/post"}],"author":[{"embeddable":true,"href":"https:\/\/jundiai.sp.gov.br\/noticias\/wp-json\/wp\/v2\/users\/10"}],"replies":[{"embeddable":true,"href":"https:\/\/jundiai.sp.gov.br\/noticias\/wp-json\/wp\/v2\/comments?post=69652"}],"version-history":[{"count":1,"href":"https:\/\/jundiai.sp.gov.br\/noticias\/wp-json\/wp\/v2\/posts\/69652\/revisions"}],"predecessor-version":[{"id":130580,"href":"https:\/\/jundiai.sp.gov.br\/noticias\/wp-json\/wp\/v2\/posts\/69652\/revisions\/130580"}],"wp:attachment":[{"href":"https:\/\/jundiai.sp.gov.br\/noticias\/wp-json\/wp\/v2\/media?parent=69652"}],"wp:term":[{"taxonomy":"category","embeddable":true,"href":"https:\/\/jundiai.sp.gov.br\/noticias\/wp-json\/wp\/v2\/categories?post=69652"},{"taxonomy":"post_tag","embeddable":true,"href":"https:\/\/jundiai.sp.gov.br\/noticias\/wp-json\/wp\/v2\/tags?post=69652"},{"taxonomy":"ods","embeddable":true,"href":"https:\/\/jundiai.sp.gov.br\/noticias\/wp-json\/wp\/v2\/ods?post=69652"}],"curies":[{"name":"wp","href":"https:\/\/api.w.org\/{rel}","templated":true}]}}