{"id":69695,"date":"2013-09-12T18:57:36","date_gmt":"2013-09-12T21:57:36","guid":{"rendered":"https:\/\/jundiai.sp.gov.br\/noticias\/?p=69695"},"modified":"2016-11-04T11:34:47","modified_gmt":"2016-11-04T13:34:47","slug":"sao-joaojundiai-joga-nesta-sexta-feira-em-osasco","status":"publish","type":"post","link":"https:\/\/jundiai.sp.gov.br\/noticias\/2013\/09\/12\/sao-joaojundiai-joga-nesta-sexta-feira-em-osasco\/","title":{"rendered":"S\u00e3o Jo\u00e3o\/Jundia\u00ed joga nesta sexta-feira em Osasco"},"content":{"rendered":"<p>O S\u00e3o Jo\u00e3o\/Jundia\u00ed encara nesta sexta-feira (13) o Clube dos Sargentos do II Ex\u00e9rcito, em Osasco, \u00e0s 18h. A equipe do t\u00e9cnico Eduardo Mendes busca a reabilita\u00e7\u00e3o no Campeonato Paulista Sub20, j\u00e1 que vem de duas derrotas consecutivas na competi\u00e7\u00e3o.<\/p>\n<p><strong>Mais<br \/>\n<a href=\"https:\/\/jundiai.sp.gov.br\/noticias\/?p=69687&amp;preview=true\" target=\"_blank\">Duas categorias do v\u00f4lei feminino iniciam decis\u00e3o<\/a><\/strong><\/p>\n<p><div id=\"attachment_130544\" style=\"width: 410px\" class=\"wp-caption alignright\"><a href=\"https:\/\/jundiai.sp.gov.br\/noticias\/wp-content\/uploads\/sites\/32\/2013\/09\/Eduardo_Mendes_A_6G1.jpg\"><img loading=\"lazy\" decoding=\"async\" aria-describedby=\"caption-attachment-130544\" src=\"https:\/\/jundiai.sp.gov.br\/noticias\/wp-content\/uploads\/sites\/32\/2013\/09\/Eduardo_Mendes_A_6G1-720x579.jpg\" alt=\"Eduardo Mendes comanda a equipe Sub20 do S\u00e3o Jo\u00e3o\/Jundia\u00ed\" width=\"400\" height=\"350\" class=\"size-large wp-image-130544\" \/><\/a><p id=\"caption-attachment-130544\" class=\"wp-caption-text\">Eduardo Mendes comanda a equipe Sub20 do S\u00e3o Jo\u00e3o\/Jundia\u00ed<\/p><\/div>Na \u00faltima rodada, o S\u00e3o Jo\u00e3o\/Jundia\u00ed acabou derrotado por 7 a 2 por Suzano, em partida realizada em Jundia\u00ed. Em quatro rodadas, a equipe comandada pelo t\u00e9cnico Eduardo Mendes sofreu tr\u00eas derrotas (al\u00e9m do Suzano, perdeu por 8 a 3 para o Santos e 5 a 1 para o Corinthians) e uma vit\u00f3ria \u2013 7 a 1 sobre o Pulo do Gato.<\/p>\n<p>Na classifica\u00e7\u00e3o geral, o S\u00e3o Jo\u00e3o\/Jundia\u00ed est\u00e1 na nona coloca\u00e7\u00e3o, com tr\u00eas pontos.<\/p>\n<p><strong>Disputa<\/strong><br \/>\nNa competi\u00e7\u00e3o, a equipe jundiaiense est\u00e1 na mesma chave que Corinthians, Santos, Pulo do Gato, Osasco e Suzano. Na primeira fase, as equipes se enfrentam em turno e returno e os quatro primeiros se classificam para a etapa seguinte.<\/p>\n<p>Al\u00e9m do Estadual, a equipe ir\u00e1 disputar o Jogos Abertos do Interior, em outubro.<\/p>\n<p>O S\u00e3o Jo\u00e3o\/Jundia\u00ed conta com o apoio da Secretaria Adjunta de Esportes.<br \/>\n<strong><br \/>\n<em>Por F\u00e1bio Frattini Manzini<\/em><br \/>\n<em> Fotos: Alessandro Rosman<\/em><\/strong><\/p>\n","protected":false},"excerpt":{"rendered":"<p>O S\u00e3o Jo\u00e3o\/Jundia\u00ed encara nesta sexta-feira (13) o Clube dos Sargentos do II Ex\u00e9rcito, em Osasco, \u00e0s 18h. A equipe do t\u00e9cnico Eduardo Mendes busca a reabilita\u00e7\u00e3o no Campeonato Paulista Sub20, j\u00e1 que vem de duas derrotas consecutivas na competi\u00e7\u00e3o. Mais Duas categorias do v\u00f4lei feminino iniciam decis\u00e3o Na \u00faltima rodada, o S\u00e3o Jo\u00e3o\/Jundia\u00ed acabou [&hellip;]<\/p>\n","protected":false},"author":11,"featured_media":0,"comment_status":"closed","ping_status":"closed","sticky":false,"template":"","format":"standard","meta":{"footnotes":""},"categories":[2],"tags":[35,113],"ods":[],"class_list":["post-69695","post","type-post","status-publish","format-standard","hentry","category-noticias","tag-esporte-e-lazer","tag-futsal"],"_links":{"self":[{"href":"https:\/\/jundiai.sp.gov.br\/noticias\/wp-json\/wp\/v2\/posts\/69695","targetHints":{"allow":["GET"]}}],"collection":[{"href":"https:\/\/jundiai.sp.gov.br\/noticias\/wp-json\/wp\/v2\/posts"}],"about":[{"href":"https:\/\/jundiai.sp.gov.br\/noticias\/wp-json\/wp\/v2\/types\/post"}],"author":[{"embeddable":true,"href":"https:\/\/jundiai.sp.gov.br\/noticias\/wp-json\/wp\/v2\/users\/11"}],"replies":[{"embeddable":true,"href":"https:\/\/jundiai.sp.gov.br\/noticias\/wp-json\/wp\/v2\/comments?post=69695"}],"version-history":[{"count":2,"href":"https:\/\/jundiai.sp.gov.br\/noticias\/wp-json\/wp\/v2\/posts\/69695\/revisions"}],"predecessor-version":[{"id":130546,"href":"https:\/\/jundiai.sp.gov.br\/noticias\/wp-json\/wp\/v2\/posts\/69695\/revisions\/130546"}],"wp:attachment":[{"href":"https:\/\/jundiai.sp.gov.br\/noticias\/wp-json\/wp\/v2\/media?parent=69695"}],"wp:term":[{"taxonomy":"category","embeddable":true,"href":"https:\/\/jundiai.sp.gov.br\/noticias\/wp-json\/wp\/v2\/categories?post=69695"},{"taxonomy":"post_tag","embeddable":true,"href":"https:\/\/jundiai.sp.gov.br\/noticias\/wp-json\/wp\/v2\/tags?post=69695"},{"taxonomy":"ods","embeddable":true,"href":"https:\/\/jundiai.sp.gov.br\/noticias\/wp-json\/wp\/v2\/ods?post=69695"}],"curies":[{"name":"wp","href":"https:\/\/api.w.org\/{rel}","templated":true}]}}