{"id":70937,"date":"2013-09-30T10:00:38","date_gmt":"2013-09-30T13:00:38","guid":{"rendered":"https:\/\/jundiai.sp.gov.br\/noticias\/?p=70937"},"modified":"2016-11-04T11:30:56","modified_gmt":"2016-11-04T13:30:56","slug":"evento-marca-o-dia-do-agente-comunitario-de-saude","status":"publish","type":"post","link":"https:\/\/jundiai.sp.gov.br\/noticias\/2013\/09\/30\/evento-marca-o-dia-do-agente-comunitario-de-saude\/","title":{"rendered":"Evento marca o Dia do Agente Comunit\u00e1rio de Sa\u00fade"},"content":{"rendered":"<p><strong>Na pr\u00f3xima ter\u00e7a-feira (1) um evento especial antecipa em Jundia\u00ed o Dia do Agente Comunit\u00e1rio de Sa\u00fade, comemorado em 4 de outubro. As atividades acontecem das 8h \u00e0s 12h, no anfiteatro da Faculdade de Medicina. Entre os temas abordados estar\u00e3o uma retrospectiva dos agentes comunit\u00e1rios no munic\u00edpio, a import\u00e2ncia da motiva\u00e7\u00e3o no trabalho com a comunidade e uma abordagem do papel da nutri\u00e7\u00e3o na qualidade de vida<\/strong>.<\/p>\n<p><strong>Mais<br \/>\n<a href=\"https:\/\/jundiai.sp.gov.br\/noticias\/2013\/09\/ubs-tulipas-discute-melhorias-no-atendimento\/\" target=\"_blank\">UBS Tulipas discute melhorias no atendimento<\/a><\/strong><\/p>\n<p>De acordo com as coordenadoras de Estrat\u00e9gia de Sa\u00fade da Fam\u00edlia (ESF) e de Programa de Agentes Comunit\u00e1rios (PACS), Elaine Pilon e Paula Hebling, esse tipo de servi\u00e7o abrange uma grande parcela das 37 unidades descentralizadas da Secretaria de Sa\u00fade.<\/p>\n<div id=\"attachment_126618\" style=\"width: 730px\" class=\"wp-caption aligncenter\"><a href=\"https:\/\/jundiai.sp.gov.br\/noticias\/wp-content\/uploads\/sites\/32\/2013\/09\/festa_idoso_ubs_rioacima_d6g1.jpg\"><img loading=\"lazy\" decoding=\"async\" aria-describedby=\"caption-attachment-126618\" src=\"https:\/\/jundiai.sp.gov.br\/noticias\/wp-content\/uploads\/sites\/32\/2013\/09\/festa_idoso_ubs_rioacima_d6g1-720x504.jpg\" alt=\"Agentes comunit\u00e1rios do Rio Acima, Corrupira e Parque Centen\u00e1rio: data especial\" width=\"720\" height=\"504\" class=\"size-large wp-image-126618\" srcset=\"https:\/\/jundiai.sp.gov.br\/noticias\/wp-content\/uploads\/sites\/32\/2013\/09\/festa_idoso_ubs_rioacima_d6g1-720x504.jpg 720w, https:\/\/jundiai.sp.gov.br\/noticias\/wp-content\/uploads\/sites\/32\/2013\/09\/festa_idoso_ubs_rioacima_d6g1-300x210.jpg 300w, https:\/\/jundiai.sp.gov.br\/noticias\/wp-content\/uploads\/sites\/32\/2013\/09\/festa_idoso_ubs_rioacima_d6g1.jpg 1240w\" sizes=\"auto, (max-width: 720px) 100vw, 720px\" \/><\/a><p id=\"caption-attachment-126618\" class=\"wp-caption-text\">Agentes comunit\u00e1rios do Rio Acima, Corrupira e Parque Centen\u00e1rio: data especial<\/p><\/div>\n<p><strong>A meta do governo \u00e9 ampliar as equipes do primeiro tipo de 5 para 30 entre 2013 e 2016, meta que dever\u00e1 ser alcan\u00e7ada em 50% ainda neste ano<\/strong>.<\/p>\n<p>A diferen\u00e7a \u00e9 que ambos possuem agentes comunit\u00e1rios, mas na ESF as unidades contam com m\u00e9dicos mais generalistas.<\/p>\n<p>Cada equipe \u00e9 formada por um m\u00e9dico, um enfermeiro, dois auxiliares de enfermagem, seis agentes comunit\u00e1rios, dois assistentes administrativos, um odont\u00f3logo e um auxiliar odontol\u00f3gico.<\/p>\n<p>Um diferencial do agente comunit\u00e1rio \u00e9 a visita domiciliar peri\u00f3dica aos moradores da regi\u00e3o, atuando com \u00eanfase na sa\u00fade preventiva.<\/p>\n<p>As unidades est\u00e3o trabalhando ou preparando grupos (diab\u00e9ticos, hipertensos, adolescentes, gestantes, tabagismo, obesidade), curativo, vacina\u00e7\u00e3o, inala\u00e7\u00e3o, orienta\u00e7\u00e3o \u00e0 amamenta\u00e7\u00e3o, orienta\u00e7\u00e3o alimentar, atividades f\u00edsicas e projeto fitoterapia.<\/p>\n<p>Tamb\u00e9m est\u00e3o sendo formadas as equipes dos N\u00facleos de Apoio de Sa\u00fade da Fam\u00edlia (NASF), com integrantes de variadas \u00e1reas de conhecimento como psicologia ou terapia ocupacional para atuar de forma itinerante junto \u00e0s unidades do g\u00eanero.<\/p>\n<p><em><strong>Por Jos\u00e9 Arnaldo de Oliveira<br \/>\nFoto: Dorival Pinheiro Filho <\/strong><\/em><\/p>\n","protected":false},"excerpt":{"rendered":"<p>Profissional \u00e9 lembrado em 4 de outubro, mas, na ter\u00e7a (1), a\u00e7\u00e3o antecipa as atividades; saiba mais  <\/p>\n","protected":false},"author":10,"featured_media":0,"comment_status":"closed","ping_status":"closed","sticky":false,"template":"","format":"standard","meta":{"footnotes":""},"categories":[2],"tags":[3],"ods":[],"class_list":["post-70937","post","type-post","status-publish","format-standard","hentry","category-noticias","tag-saude"],"_links":{"self":[{"href":"https:\/\/jundiai.sp.gov.br\/noticias\/wp-json\/wp\/v2\/posts\/70937","targetHints":{"allow":["GET"]}}],"collection":[{"href":"https:\/\/jundiai.sp.gov.br\/noticias\/wp-json\/wp\/v2\/posts"}],"about":[{"href":"https:\/\/jundiai.sp.gov.br\/noticias\/wp-json\/wp\/v2\/types\/post"}],"author":[{"embeddable":true,"href":"https:\/\/jundiai.sp.gov.br\/noticias\/wp-json\/wp\/v2\/users\/10"}],"replies":[{"embeddable":true,"href":"https:\/\/jundiai.sp.gov.br\/noticias\/wp-json\/wp\/v2\/comments?post=70937"}],"version-history":[{"count":1,"href":"https:\/\/jundiai.sp.gov.br\/noticias\/wp-json\/wp\/v2\/posts\/70937\/revisions"}],"predecessor-version":[{"id":126619,"href":"https:\/\/jundiai.sp.gov.br\/noticias\/wp-json\/wp\/v2\/posts\/70937\/revisions\/126619"}],"wp:attachment":[{"href":"https:\/\/jundiai.sp.gov.br\/noticias\/wp-json\/wp\/v2\/media?parent=70937"}],"wp:term":[{"taxonomy":"category","embeddable":true,"href":"https:\/\/jundiai.sp.gov.br\/noticias\/wp-json\/wp\/v2\/categories?post=70937"},{"taxonomy":"post_tag","embeddable":true,"href":"https:\/\/jundiai.sp.gov.br\/noticias\/wp-json\/wp\/v2\/tags?post=70937"},{"taxonomy":"ods","embeddable":true,"href":"https:\/\/jundiai.sp.gov.br\/noticias\/wp-json\/wp\/v2\/ods?post=70937"}],"curies":[{"name":"wp","href":"https:\/\/api.w.org\/{rel}","templated":true}]}}